{"id":21151,"date":"2024-09-23T08:37:26","date_gmt":"2024-09-23T08:37:26","guid":{"rendered":"https:\/\/new.findnews5.com\/?p=21151"},"modified":"2024-09-23T08:37:27","modified_gmt":"2024-09-23T08:37:27","slug":"ulja-e-temperaturave-bie-debora-e-pare-ne-ballkan","status":"publish","type":"post","link":"https:\/\/new.findnews5.com\/?p=21151","title":{"rendered":"Ulja e temperaturave, bie d\u00ebbora e par\u00eb n\u00eb Ballkan"},"content":{"rendered":"<div class=\"78954ae5fa42b68c1393fe3da4998882\" data-index=\"1\" style=\"float: none; margin:0px 0 0px 0; text-align:center;\">\n<div data-type=\"_mgwidget\" data-widget-id=\"1576712\">\r\n<\/div>\r\n<script>(function(w,q){w[q]=w[q]||[];w[q].push([\"_mgc.load\"])})(window,\"_mgq\");\r\n<\/script>\r\n\n<\/div>\n\n<p>Dita e diel ka sjell\u00eb ulje temperaturash n\u00eb t\u00eb gjith\u00eb rajonin e Ballkanit Per\u00ebndimor. N\u00eb t\u00eb gjith\u00eb rajonin kan\u00eb dominuar stuhit\u00eb e shiut dhe bresh\u00ebrit, nd\u00ebrsa n\u00eb Pelister n\u00eb Maqedonin\u00eb e Veriut ak patur edhe reshje d\u00ebbore.<\/p>\n\n\n\n<p>Mediat maqedonase raportojn\u00eb se gjat\u00eb nat\u00ebs d\u00ebbora ka zbardhur Pelisterin, nd\u00ebrsa pritet q\u00eb edhe p\u00ebrgjat\u00eb or\u00ebve n\u00eb vijim atje t\u00eb ket\u00eb reshje t\u00eb dob\u00ebta bore.<\/p>\n\n\n\n<h3 class=\"wp-block-heading\"><\/h3>\n\n\n\n<p>Sa i p\u00ebrket pjes\u00ebs tjet\u00ebr t\u00eb Europ\u00ebs, asaj qendrore dhe jugore situata \u00ebsht\u00eb mjaft e r\u00ebnd\u00eb, ku t\u00eb pakt\u00ebn 7 persona kan\u00eb humbur jet\u00ebn dhe dhejtra t\u00eb tjer\u00eb jan\u00eb t\u00eb zhdukur.<a href=\"https:\/\/albeu.com\/maqedoni\/ulja-e-temperaturave-bie-debora-e-pare-ne-ballkan\/728095\/?fbclid=IwZXh0bgNhZW0CMTEAAR1ari_KuM2v_f05ss7GF_jkLk2dUmf2BXzzhcZBSaI45JiwoslE24Vf-FA_aem_C64cWLsJsZu6ylblXaAaTw\" target=\"_blank\" rel=\"noreferrer noopener\"><\/a><\/p>\n\n<div style=\"font-size: 0px; height: 0px; line-height: 0px; margin: 0; padding: 0; clear: both;\"><\/div>","protected":false},"excerpt":{"rendered":"<p>Dita e diel ka sjell\u00eb ulje temperaturash n\u00eb t\u00eb gjith\u00eb rajonin e Ballkanit Per\u00ebndimor. N\u00eb t\u00eb gjith\u00eb rajonin kan\u00eb dominuar stuhit\u00eb e shiut dhe bresh\u00ebrit, nd\u00ebrsa n\u00eb&#8230; <\/p>\n","protected":false},"author":1,"featured_media":21152,"comment_status":"open","ping_status":"open","sticky":false,"template":"","format":"standard","meta":{"footnotes":""},"categories":[6],"tags":[],"class_list":["post-21151","post","type-post","status-publish","format-standard","has-post-thumbnail","hentry","category-lajme"],"_links":{"self":[{"href":"https:\/\/new.findnews5.com\/index.php?rest_route=\/wp\/v2\/posts\/21151","targetHints":{"allow":["GET"]}}],"collection":[{"href":"https:\/\/new.findnews5.com\/index.php?rest_route=\/wp\/v2\/posts"}],"about":[{"href":"https:\/\/new.findnews5.com\/index.php?rest_route=\/wp\/v2\/types\/post"}],"author":[{"embeddable":true,"href":"https:\/\/new.findnews5.com\/index.php?rest_route=\/wp\/v2\/users\/1"}],"replies":[{"embeddable":true,"href":"https:\/\/new.findnews5.com\/index.php?rest_route=%2Fwp%2Fv2%2Fcomments&post=21151"}],"version-history":[{"count":0,"href":"https:\/\/new.findnews5.com\/index.php?rest_route=\/wp\/v2\/posts\/21151\/revisions"}],"wp:featuredmedia":[{"embeddable":true,"href":"https:\/\/new.findnews5.com\/index.php?rest_route=\/wp\/v2\/media\/21152"}],"wp:attachment":[{"href":"https:\/\/new.findnews5.com\/index.php?rest_route=%2Fwp%2Fv2%2Fmedia&parent=21151"}],"wp:term":[{"taxonomy":"category","embeddable":true,"href":"https:\/\/new.findnews5.com\/index.php?rest_route=%2Fwp%2Fv2%2Fcategories&post=21151"},{"taxonomy":"post_tag","embeddable":true,"href":"https:\/\/new.findnews5.com\/index.php?rest_route=%2Fwp%2Fv2%2Ftags&post=21151"}],"curies":[{"name":"wp","href":"https:\/\/api.w.org\/{rel}","templated":true}]}}