{"id":21145,"date":"2024-09-23T08:10:51","date_gmt":"2024-09-23T08:10:51","guid":{"rendered":"https:\/\/new.findnews5.com\/?p=21145"},"modified":"2024-09-23T08:10:52","modified_gmt":"2024-09-23T08:10:52","slug":"nderron-jete-motra-e-adem-dhe-hamez-jasharit-detajet","status":"publish","type":"post","link":"https:\/\/new.findnews5.com\/?p=21145","title":{"rendered":"Nd\u00ebrron jet\u00eb motra e Adem dhe Ham\u00ebz Jasharit \/DETAJET"},"content":{"rendered":"<div class=\"78954ae5fa42b68c1393fe3da4998882\" data-index=\"1\" style=\"float: none; margin:0px 0 0px 0; text-align:center;\">\n<div data-type=\"_mgwidget\" data-widget-id=\"1576712\">\r\n<\/div>\r\n<script>(function(w,q){w[q]=w[q]||[];w[q].push([\"_mgc.load\"])})(window,\"_mgq\");\r\n<\/script>\r\n\n<\/div>\n\n<p>Ka vdekur Hava Jashari-Gashi, motra e heronjve Adem e Ham\u00ebs Jasharit. Lajmin p\u00ebr vdekjen e saj e b\u00ebri t\u00eb ditur nipi i saj, Bekim Jashari,<\/p>\n\n\n\n<p><strong>Njoftimi i plot\u00eb:<\/strong><\/p>\n\n\n\n<p>Me dhimbje t\u00eb thell\u00eb ju njoftojm\u00eb p\u00ebr ndarjen nga jeta t\u00eb n\u00ebn\u00ebs, motr\u00ebs, hall\u00ebs son\u00eb t\u00eb dashur, HAVA (SHABAN) JASHARI-GASHI, e cila u largua nga kjo bot\u00eb sot.Ajo ishte nj\u00eb grua e mrekullueshme, e p\u00ebrkushtuar ndaj familjes dhe t\u00eb dashur\u00ebve t\u00eb saj, e cila na la pas kujtime t\u00eb vyera dhe nj\u00eb boshll\u00ebk t\u00eb paz\u00ebvend\u00ebsuesh\u00ebm.<\/p>\n\n\n\n<p>Ceremonia mortore do t\u00eb mbahet sot m\u00eb 23.09.2024, n\u00eb or\u00ebn 16:30, n\u00eb varrezat e fshatit Kryshevc-Skenderaj.<\/p>\n\n\n\n<p>Do t\u00eb mbetet p\u00ebrgjithmon\u00eb n\u00eb zemrat tona.<\/p>\n\n<div style=\"font-size: 0px; height: 0px; line-height: 0px; margin: 0; padding: 0; clear: both;\"><\/div>","protected":false},"excerpt":{"rendered":"<p>Ka vdekur Hava Jashari-Gashi, motra e heronjve Adem e Ham\u00ebs Jasharit. Lajmin p\u00ebr vdekjen e saj e b\u00ebri t\u00eb ditur nipi i saj, Bekim Jashari, Njoftimi i&#8230; <\/p>\n","protected":false},"author":1,"featured_media":21146,"comment_status":"open","ping_status":"open","sticky":false,"template":"","format":"standard","meta":{"footnotes":""},"categories":[6],"tags":[],"class_list":["post-21145","post","type-post","status-publish","format-standard","has-post-thumbnail","hentry","category-lajme"],"_links":{"self":[{"href":"https:\/\/new.findnews5.com\/index.php?rest_route=\/wp\/v2\/posts\/21145","targetHints":{"allow":["GET"]}}],"collection":[{"href":"https:\/\/new.findnews5.com\/index.php?rest_route=\/wp\/v2\/posts"}],"about":[{"href":"https:\/\/new.findnews5.com\/index.php?rest_route=\/wp\/v2\/types\/post"}],"author":[{"embeddable":true,"href":"https:\/\/new.findnews5.com\/index.php?rest_route=\/wp\/v2\/users\/1"}],"replies":[{"embeddable":true,"href":"https:\/\/new.findnews5.com\/index.php?rest_route=%2Fwp%2Fv2%2Fcomments&post=21145"}],"version-history":[{"count":0,"href":"https:\/\/new.findnews5.com\/index.php?rest_route=\/wp\/v2\/posts\/21145\/revisions"}],"wp:featuredmedia":[{"embeddable":true,"href":"https:\/\/new.findnews5.com\/index.php?rest_route=\/wp\/v2\/media\/21146"}],"wp:attachment":[{"href":"https:\/\/new.findnews5.com\/index.php?rest_route=%2Fwp%2Fv2%2Fmedia&parent=21145"}],"wp:term":[{"taxonomy":"category","embeddable":true,"href":"https:\/\/new.findnews5.com\/index.php?rest_route=%2Fwp%2Fv2%2Fcategories&post=21145"},{"taxonomy":"post_tag","embeddable":true,"href":"https:\/\/new.findnews5.com\/index.php?rest_route=%2Fwp%2Fv2%2Ftags&post=21145"}],"curies":[{"name":"wp","href":"https:\/\/api.w.org\/{rel}","templated":true}]}}