{"id":21129,"date":"2024-09-22T17:27:16","date_gmt":"2024-09-22T17:27:16","guid":{"rendered":"https:\/\/new.findnews5.com\/?p=21129"},"modified":"2024-09-22T17:27:18","modified_gmt":"2024-09-22T17:27:18","slug":"qytetaret-paguajne-29-euro-ton-per-trajtimin-e-mbetjeve-tirana-vazhdon-te-mbulohet-nga-plehrat","status":"publish","type":"post","link":"https:\/\/new.findnews5.com\/?p=21129","title":{"rendered":"Qytetar\u00ebt paguajn\u00eb 29 euro\/ton p\u00ebr trajtimin e mbetjeve, Tirana vazhdon t\u00eb mbulohet nga plehrat"},"content":{"rendered":"<div class=\"78954ae5fa42b68c1393fe3da4998882\" data-index=\"1\" style=\"float: none; margin:0px 0 0px 0; text-align:center;\">\n<div data-type=\"_mgwidget\" data-widget-id=\"1576712\">\r\n<\/div>\r\n<script>(function(w,q){w[q]=w[q]||[];w[q].push([\"_mgc.load\"])})(window,\"_mgq\");\r\n<\/script>\r\n\n<\/div>\n\n<p>Prej afro nj\u00eb muaji, situata n\u00eb disa prej lagjeve kryesore t\u00eb Tiran\u00ebs paraqitet problematike; kosha t\u00eb tejmbushur nga mbeturinat, q\u00eb pastrohen vet\u00ebm nj\u00eb her\u00eb n\u00eb dit\u00eb ose lihen t\u00eb pazbrazur p\u00ebr dit\u00eb me radh\u00eb.<\/p>\n\n\n\n<figure class=\"wp-block-image\"><img decoding=\"async\" src=\"https:\/\/zoom.al\/wp-content\/uploads\/2024\/09\/inbound6485571777876918103-1024x474-1-300x139.jpg\" alt=\"\" class=\"wp-image-301861\"\/><\/figure>\n\n\n\n<p>Vazhdimisht qytetar\u00eb, gazetar\u00eb, aktivist\u00eb, por edhe vet\u00eb politikan\u00eb t\u00eb s\u00eb majt\u00ebs kan\u00eb denoncuar gjendjen shqet\u00ebsuese t\u00eb plehrave n\u00eb kryeqytet, ku rrezikohet p\u00ebrhapja e vatrave t\u00eb infeksioneve.<\/p>\n\n\n\n<figure class=\"wp-block-image\"><img decoding=\"async\" src=\"https:\/\/zoom.al\/wp-content\/uploads\/2024\/09\/IMG_2255-768x1024-1-225x300.jpeg\" alt=\"\" class=\"wp-image-301864\"\/><\/figure>\n\n\n\n<p>Situata alarmante, me mbeturina t\u00eb hapura kudo n\u00ebp\u00ebr rrug\u00eb dhe kosha q\u00eb kund\u00ebrmojn\u00eb er\u00eb ka p\u00ebrfshir\u00eb zona si Radio Tirana n\u00eb hyrje t\u00eb rrug\u00ebs \u201cKont Urani\u201d, Rrug\u00ebn e Kavaj\u00ebs, pran\u00eb Ministris\u00eb s\u00eb Sh\u00ebndet\u00ebsis\u00eb, Astirin, Zon\u00ebn e Frekut, \u201cRruga Ur\u00ebn\u201d, por edhe zonat m\u00eb t\u00eb frekuentuara nga banor\u00ebt e Tiran\u00ebs dhe turist\u00ebt, si Blloku dhe Komuna e Parisit.<\/p>\n\n\n\n<figure class=\"wp-block-image\"><img decoding=\"async\" src=\"https:\/\/zoom.al\/wp-content\/uploads\/2024\/09\/inbound8618495798428724523-295x300.jpg\" alt=\"\" class=\"wp-image-301862\"\/><\/figure>\n\n\n\n<p>Pas denoncimeve t\u00eb nj\u00ebpasnj\u00ebshme, kryebashkiaku Erion Veliaj reagoi m\u00eb 7 shtator duke deklaruar se kompanit\u00eb private e kan\u00eb nd\u00ebrprer\u00eb pun\u00ebn dy muaj para mbarimit t\u00eb kontrat\u00ebs s\u00eb sh\u00ebrbimit.<\/p>\n\n\n\n<figure class=\"wp-block-image\"><img decoding=\"async\" src=\"https:\/\/zoom.al\/wp-content\/uploads\/2024\/09\/IMG_6191-768x1024-1-225x300.jpeg\" alt=\"\" class=\"wp-image-301863\"\/><\/figure>\n\n\n\n<p>Qyteti i Tiran\u00ebs \u00ebsht\u00eb i ndar\u00eb n\u00eb 7 zona pastrimi (3 zona lindore, 3 per\u00ebndimore dhe Zona e Kuqe n\u00eb qend\u00ebr t\u00eb Tiran\u00ebs), ku operojn\u00eb operator\u00eb privat\u00eb me kontrata sip\u00ebrmarrjeje. N\u00eb dhjetor t\u00eb vitit 2016, n\u00eb \u201cZon\u00ebn e Kuqe\u201d nisi t\u00eb operoj\u00eb edhe shoq\u00ebria \u201cEco Tirana\u201d.<\/p>\n\n\n\n<p>Bashkia e Tiran\u00ebs ka parashikuar t\u00eb shpenzoj\u00eb 2.9 miliard\u00eb lek\u00eb (29 milion\u00eb euro) p\u00ebr menaxhimin e mbetjeve urbane n\u00eb 2024, 47% m\u00eb e lart\u00eb se viti 2020. N\u00eb programin e menaxhimit t\u00eb mbetjeve p\u00ebrfshihen pagat p\u00ebr sektorin e pastrimit t\u00eb qytetit, mbledhja, transportimi dhe depozitimi i mbetjeve.<\/p>\n\n\n\n<p>Ky sh\u00ebrbim deri m\u00eb shtator ofrohej nga tre kompani private dhe Eco Tirana.<\/p>\n\n\n\n<p>Referuar kontratave, n\u00eb harkun kohor t\u00eb nj\u00eb viti, tre kompanit\u00eb private kan\u00eb p\u00ebrfituar nj\u00eb fond pre 1.5 mld lek\u00ebsh p\u00ebr pastrimin e Tiran\u00ebs.<\/p>\n\n\n\n<p><strong>Bashk\u00ebpunimi me Eco Tirana<\/strong><\/p>\n\n\n\n<p>Pas situat\u00ebs s\u00eb krijuar, vet\u00eb Bashkia e Tiran\u00ebs mori p\u00ebrsip\u00ebr t\u00eb pastronte qytetin n\u00ebp\u00ebrmjet kompanis\u00eb \u201cEco Tirana\u201d, ku 51 p\u00ebrqind t\u00eb aksioneve i ka vet\u00eb bashkia, nd\u00ebrsa 49 p\u00ebr qind nj\u00eb kompani italiane, e cila ka nd\u00ebrruar disa pronar\u00eb n\u00eb pak muaj e nuk dihet se kush fshihet pas tyre.<\/p>\n\n\n\n<p>Krijuar si nj\u00eb bashk\u00ebpunim midis Bashkis\u00eb s\u00eb Tiran\u00ebs dhe nj\u00eb kompanie italiane p\u00ebr t\u00eb ofruar sh\u00ebrbime n\u00eb fush\u00ebn e pastrimit dhe menaxhimit t\u00eb mbetjeve urbane, Eco Tirana duhet t\u00eb zbraz\u00eb 6396 kosha mbetjesh n\u00eb dit\u00eb.<\/p>\n\n\n\n<p>Po ashtu, kompania duhet t\u00eb laj\u00eb dhe dezinfektoj\u00eb 500 vendq\u00ebndrime t\u00eb koshave, nd\u00ebrsa vijon detyrimi kontraktual q\u00eb kjo kompani duhet t\u00eb fshij\u00eb 1.9 milion\u00eb metra katror\u00eb rrug\u00eb dhe t\u00eb laj\u00eb 285 mij\u00eb metra katror\u00eb sip\u00ebrfaqe t\u00eb rrug\u00ebve kryesore n\u00eb dit\u00eb.<\/p>\n\n\n\n<p>Dikur promovues dhe mb\u00ebshtet\u00ebs i projekteve dhe nismave t\u00eb \u201cEco Tirana\u201d, Erion Veliaj, si kryetar i Bashkis\u00eb s\u00eb Tiran\u00ebs ka nj\u00eb rol t\u00eb drejtp\u00ebrdrejt\u00eb n\u00eb mbik\u00ebqyrjen e funksionimit t\u00eb k\u00ebsaj nd\u00ebrmarrjeje, pasi ajo \u00ebsht\u00eb n\u00ebn juridiksionin e Bashkis\u00eb s\u00eb Tiran\u00ebs.<\/p>\n\n\n\n<p>Por kush u vendos p\u00ebrball\u00eb p\u00ebrgjegj\u00ebsis\u00eb kur kompanit\u00eb bashk\u00ebpunuese t\u00eb bashkis\u00eb shkel\u00ebn kontrat\u00ebn p\u00ebr trajtimin e mbeturinave?<\/p>\n\n\n\n<p>\u00c7far\u00eb po b\u00ebn akoma Bashkia e Tiran\u00ebs? Po Drejtoria e P\u00ebrgjithshme e Pastrimit dhe Gjelb\u00ebrimit n\u00eb Tiran\u00eb pse nuk reagon?<\/p>\n\n\n\n<p>Kush do t\u00eb mbaj\u00eb p\u00ebrgjegj\u00ebsi p\u00ebr miliona lek\u00eb q\u00eb qytetar\u00ebt paguajn\u00eb p\u00ebr k\u00ebt\u00eb sh\u00ebrbim?<\/p>\n\n\n\n<p>Bashkia Tiran\u00eb vijon t\u00eb paguaj\u00eb 29 euro\/ton p\u00ebr depozitimin dhe trajtimin e mbetjeve n\u00eb landfillin e Sharr\u00ebs dhe 16.700.000 euro (referuar PBA 2024-2026) p\u00ebr pastrimin e rrug\u00ebve dhe mbledhjen e mbetjeve, t\u00eb cilat nga viti 2024 i paguhen nj\u00eb tjet\u00ebr firm\u00ebs ECO TIRANA.<\/p>\n\n\n\n<p>Sipas t\u00eb dh\u00ebnave t\u00eb studimit t\u00eb IFC dhe t\u00eb dh\u00ebnave nd\u00ebr vite, Bashkia Tiran\u00eb trajton jo m\u00eb shum\u00eb se 250.000 ton mbetje n\u00eb vit. Mb\u00ebshtetur n\u00eb k\u00ebt\u00eb shif\u00ebr, kostoja e pastrimit dhe mbledhjes s\u00eb mbetjeve do t\u00eb ishte 66.8 euro\/ton me TVSH, duke e \u00e7uar koston e trajtimit t\u00eb mbetjeve p\u00ebr t\u00eb gjith\u00eb zinxhirin nga 38 euro\/ton, n\u00eb 101.6 euro\/ton me tvsh.<\/p>\n\n\n\n<p>K\u00ebto para vazhdojn\u00eb t\u00eb xhirohen pa nd\u00ebrprerje, nd\u00ebrsa pastrimi i koshave n\u00eb qytet nuk b\u00ebhet dhe Tirana po qelbet er\u00eb.<\/p>\n\n\n\n<p><strong>Pastrim vet\u00eb n\u00eb dit\u00eb t\u00eb sh\u00ebnuara<\/strong><\/p>\n\n\n\n<p>Pun\u00ebn q\u00eb duhet t\u00eb b\u00ebj\u00eb \u00e7do dit\u00eb, Bashkia e Tiran\u00ebs e shfaq si propagand\u00eb n\u00eb nj\u00eb dat\u00eb t\u00eb caktuar.<\/p>\n\n\n\n<p>Dy dit\u00eb m\u00eb par\u00eb, kur ishte Dita Bot\u00ebrore e Pastrimit, Erion Veliaj mblodhi punonj\u00ebsit e pastrimit p\u00ebr t\u00eb b\u00ebr\u00eb xix\u00eb Tiran\u00ebn<\/p>\n\n\n\n<p>\u201cN\u00eb Dit\u00ebn Bot\u00ebrore t\u00eb Pastrimit, nj\u00ebsit\u00eb administrative dhe Nd\u00ebrmarrja e Pastrimit u angazhuan p\u00ebr t\u00eb b\u00ebr\u00eb Tiran\u00ebn xix\u00eb. Faleminderit q\u00eb sot u b\u00ebt\u00eb pjes\u00eb e k\u00ebsaj nisme. Ky \u00ebsht\u00eb shembull i asaj q\u00eb mund t\u00eb b\u00ebjm\u00eb bashk\u00eb, kur punojm\u00eb p\u00ebr nj\u00eb q\u00ebllim t\u00eb p\u00ebrbashk\u00ebt: nj\u00eb Tiran\u00eb m\u00eb t\u00eb gjelb\u00ebr dhe m\u00eb t\u00eb past\u00ebr\u201d, shkroi Veliaj n\u00eb rrjetet sociale.<\/p>\n\n\n\n<figure class=\"wp-block-image\"><img decoding=\"async\" src=\"https:\/\/zoom.al\/wp-content\/uploads\/2024\/09\/Screenshot_20240922_123834_Instagram-300x293.jpg\" alt=\"\" class=\"wp-image-301889\"\/><\/figure>\n\n\n\n<figure class=\"wp-block-image\"><img decoding=\"async\" src=\"https:\/\/zoom.al\/wp-content\/uploads\/2024\/09\/Screenshot_20240922_123837_Instagram-300x253.jpg\" alt=\"\" class=\"wp-image-301890\"\/><\/figure>\n\n\n\n<figure class=\"wp-block-image\"><img decoding=\"async\" src=\"https:\/\/zoom.al\/wp-content\/uploads\/2024\/09\/Screenshot_20240922_123839_Instagram-300x268.jpg\" alt=\"\" class=\"wp-image-301891\"\/><\/figure>\n\n\n\n<figure class=\"wp-block-image\"><img decoding=\"async\" src=\"https:\/\/zoom.al\/wp-content\/uploads\/2024\/09\/Screenshot_20240922_123843_Instagram-300x232.jpg\" alt=\"\" class=\"wp-image-301892\"\/><\/figure>\n\n\n\n<p>Por, qytetar\u00ebt, q\u00eb prej dit\u00ebsh kan\u00eb bashk\u00ebjetuar me mbeturinat, i kujtojn\u00eb kryebashkiakut k\u00ebt\u00eb fakt, duke k\u00ebrkuar prej tij t\u00eb mos b\u00ebj\u00eb show vet\u00ebm nj\u00eb dit\u00eb, por t\u00eb punoj\u00eb p\u00ebr Tiran\u00ebn e past\u00ebr \u00e7do dit\u00eb.<\/p>\n\n<div style=\"font-size: 0px; height: 0px; line-height: 0px; margin: 0; padding: 0; clear: both;\"><\/div>","protected":false},"excerpt":{"rendered":"<p>Prej afro nj\u00eb muaji, situata n\u00eb disa prej lagjeve kryesore t\u00eb Tiran\u00ebs paraqitet problematike; kosha t\u00eb tejmbushur nga mbeturinat, q\u00eb pastrohen vet\u00ebm nj\u00eb her\u00eb n\u00eb dit\u00eb ose&#8230; <\/p>\n","protected":false},"author":1,"featured_media":21130,"comment_status":"open","ping_status":"open","sticky":false,"template":"","format":"standard","meta":{"footnotes":""},"categories":[6],"tags":[],"class_list":["post-21129","post","type-post","status-publish","format-standard","has-post-thumbnail","hentry","category-lajme"],"_links":{"self":[{"href":"https:\/\/new.findnews5.com\/index.php?rest_route=\/wp\/v2\/posts\/21129","targetHints":{"allow":["GET"]}}],"collection":[{"href":"https:\/\/new.findnews5.com\/index.php?rest_route=\/wp\/v2\/posts"}],"about":[{"href":"https:\/\/new.findnews5.com\/index.php?rest_route=\/wp\/v2\/types\/post"}],"author":[{"embeddable":true,"href":"https:\/\/new.findnews5.com\/index.php?rest_route=\/wp\/v2\/users\/1"}],"replies":[{"embeddable":true,"href":"https:\/\/new.findnews5.com\/index.php?rest_route=%2Fwp%2Fv2%2Fcomments&post=21129"}],"version-history":[{"count":0,"href":"https:\/\/new.findnews5.com\/index.php?rest_route=\/wp\/v2\/posts\/21129\/revisions"}],"wp:featuredmedia":[{"embeddable":true,"href":"https:\/\/new.findnews5.com\/index.php?rest_route=\/wp\/v2\/media\/21130"}],"wp:attachment":[{"href":"https:\/\/new.findnews5.com\/index.php?rest_route=%2Fwp%2Fv2%2Fmedia&parent=21129"}],"wp:term":[{"taxonomy":"category","embeddable":true,"href":"https:\/\/new.findnews5.com\/index.php?rest_route=%2Fwp%2Fv2%2Fcategories&post=21129"},{"taxonomy":"post_tag","embeddable":true,"href":"https:\/\/new.findnews5.com\/index.php?rest_route=%2Fwp%2Fv2%2Ftags&post=21129"}],"curies":[{"name":"wp","href":"https:\/\/api.w.org\/{rel}","templated":true}]}}