{"id":21126,"date":"2024-09-22T17:25:09","date_gmt":"2024-09-22T17:25:09","guid":{"rendered":"https:\/\/new.findnews5.com\/?p=21126"},"modified":"2024-09-22T17:25:12","modified_gmt":"2024-09-22T17:25:12","slug":"autoblinda-e-ushtrise-serbe-aksidentohet-me-nje-veture-humbin-jeten-pese-persona","status":"publish","type":"post","link":"https:\/\/new.findnews5.com\/?p=21126","title":{"rendered":"Autoblinda e ushtris\u00eb serbe aksidentohet me nj\u00eb vetur\u00eb, humbin jet\u00ebn pes\u00eb persona"},"content":{"rendered":"<div class=\"78954ae5fa42b68c1393fe3da4998882\" data-index=\"1\" style=\"float: none; margin:0px 0 0px 0; text-align:center;\">\n<div data-type=\"_mgwidget\" data-widget-id=\"1576712\">\r\n<\/div>\r\n<script>(function(w,q){w[q]=w[q]||[];w[q].push([\"_mgc.load\"])})(window,\"_mgq\");\r\n<\/script>\r\n\n<\/div>\n\n<p><strong>N\u00eb magjistralen Kralev\u00eb-Rashk\u00eb t\u00eb Serbis\u00eb ka ndodhur nj\u00eb aksident trafiku, ku \u00ebsht\u00eb p\u00ebrplasur nj\u00eb autoblind\u00eb e ushtris\u00eb serbe me nj\u00eb vetur\u00eb civile.<\/strong><\/p>\n\n\n\n<p>Si pasoj\u00eb e k\u00ebsaj kan\u00eb humbur jet\u00ebn pes\u00eb persona, babai me tre f\u00ebmij\u00ebt si dhe nj\u00eb grua q\u00eb ishte me ta n\u00eb vetur\u00eb \u2013 kur e \u00ebma \u00ebsht\u00eb i vetmi person q\u00eb mbijetoi.<\/p>\n\n\n\n<p>\u201cVetura civile \u00ebsht\u00eb shkat\u00ebrruar plot\u00ebsisht nga autoblinda ushtarake \u2013 pra plot\u00ebsisht e shkat\u00ebrruar. N\u00eb vendin e ngjarjes kan\u00eb dal\u00eb ekipet e zjarrfik\u00ebsve dhe ekipet e k\u00ebrkim-shp\u00ebtimit. Kan\u00eb arritur disi t\u00eb largojn\u00eb autoblind\u00ebn q\u00eb kishte p\u00ebrfunduar sipas vetur\u00ebs civile. Pamjet jan\u00eb t\u00eb tmerrshme, nj\u00eb tragjedi e v\u00ebrtet\u00eb\u201d, tha nj\u00eb d\u00ebshmitare.<\/p>\n\n\n\n<p>Aksidenti mes autoblind\u00ebs s\u00eb ushtris\u00eb serbe dhe vetur\u00ebs civile ka ndodhur t\u00eb shtun\u00ebn rreth or\u00ebs 13:00.<\/p>\n\n\n\n<figure class=\"wp-block-image\"><img decoding=\"async\" src=\"https:\/\/insajderi.org\/wp-content\/uploads\/2024\/09\/1-6.jpg\" alt=\"\" class=\"wp-image-1838441\"\/><\/figure>\n\n\n\n<figure class=\"wp-block-image\"><img decoding=\"async\" src=\"https:\/\/insajderi.org\/wp-content\/uploads\/2024\/09\/2-9.jpg\" alt=\"\" class=\"wp-image-1838442\"\/><\/figure>\n\n\n\n<figure class=\"wp-block-image\"><img decoding=\"async\" src=\"https:\/\/insajderi.org\/wp-content\/uploads\/2024\/09\/3-7.jpg\" alt=\"\" class=\"wp-image-1838443\"\/><\/figure>\n\n<div style=\"font-size: 0px; height: 0px; line-height: 0px; margin: 0; padding: 0; clear: both;\"><\/div>","protected":false},"excerpt":{"rendered":"<p>N\u00eb magjistralen Kralev\u00eb-Rashk\u00eb t\u00eb Serbis\u00eb ka ndodhur nj\u00eb aksident trafiku, ku \u00ebsht\u00eb p\u00ebrplasur nj\u00eb autoblind\u00eb e ushtris\u00eb serbe me nj\u00eb vetur\u00eb civile. Si pasoj\u00eb e k\u00ebsaj kan\u00eb&#8230; <\/p>\n","protected":false},"author":1,"featured_media":21127,"comment_status":"open","ping_status":"open","sticky":false,"template":"","format":"standard","meta":{"footnotes":""},"categories":[6],"tags":[],"class_list":["post-21126","post","type-post","status-publish","format-standard","has-post-thumbnail","hentry","category-lajme"],"_links":{"self":[{"href":"https:\/\/new.findnews5.com\/index.php?rest_route=\/wp\/v2\/posts\/21126","targetHints":{"allow":["GET"]}}],"collection":[{"href":"https:\/\/new.findnews5.com\/index.php?rest_route=\/wp\/v2\/posts"}],"about":[{"href":"https:\/\/new.findnews5.com\/index.php?rest_route=\/wp\/v2\/types\/post"}],"author":[{"embeddable":true,"href":"https:\/\/new.findnews5.com\/index.php?rest_route=\/wp\/v2\/users\/1"}],"replies":[{"embeddable":true,"href":"https:\/\/new.findnews5.com\/index.php?rest_route=%2Fwp%2Fv2%2Fcomments&post=21126"}],"version-history":[{"count":0,"href":"https:\/\/new.findnews5.com\/index.php?rest_route=\/wp\/v2\/posts\/21126\/revisions"}],"wp:featuredmedia":[{"embeddable":true,"href":"https:\/\/new.findnews5.com\/index.php?rest_route=\/wp\/v2\/media\/21127"}],"wp:attachment":[{"href":"https:\/\/new.findnews5.com\/index.php?rest_route=%2Fwp%2Fv2%2Fmedia&parent=21126"}],"wp:term":[{"taxonomy":"category","embeddable":true,"href":"https:\/\/new.findnews5.com\/index.php?rest_route=%2Fwp%2Fv2%2Fcategories&post=21126"},{"taxonomy":"post_tag","embeddable":true,"href":"https:\/\/new.findnews5.com\/index.php?rest_route=%2Fwp%2Fv2%2Ftags&post=21126"}],"curies":[{"name":"wp","href":"https:\/\/api.w.org\/{rel}","templated":true}]}}