{"id":21122,"date":"2024-09-22T12:17:18","date_gmt":"2024-09-22T12:17:18","guid":{"rendered":"https:\/\/new.findnews5.com\/?p=21122"},"modified":"2024-09-22T12:17:19","modified_gmt":"2024-09-22T12:17:19","slug":"shperthen-lefter-maliqi-demokrate-plot-vrere-ndaj-berishes-pse-nuk-shajne-ramen-dhe-te-bashkohemi","status":"publish","type":"post","link":"https:\/\/new.findnews5.com\/?p=21122","title":{"rendered":"Shp\u00ebrthen Lefter Maliqi: Demokrat\u00eb plot vrere ndaj Berish\u00ebs, pse nuk shajn\u00eb Ram\u00ebn dhe t\u00eb bashkohemi"},"content":{"rendered":"<div class=\"78954ae5fa42b68c1393fe3da4998882\" data-index=\"1\" style=\"float: none; margin:0px 0 0px 0; text-align:center;\">\n<div data-type=\"_mgwidget\" data-widget-id=\"1576712\">\r\n<\/div>\r\n<script>(function(w,q){w[q]=w[q]||[];w[q].push([\"_mgc.load\"])})(window,\"_mgq\");\r\n<\/script>\r\n\n<\/div>\n\n<p>Ish-deputeti Lefter Maliqi, p\u00ebrmes nj\u00eb reagimi n\u00eb llogarin\u00eb e tij n\u00eb \u201cFacebook\u201d, shprehet kritik ndaj demokrat\u00ebve q\u00eb shajn\u00eb Berish\u00ebn.<\/p>\n\n\n\n<p>Mes t\u00eb tjerash, Maliqi shkruan se; pse duhet t\u00eb shajn\u00eb Berish\u00ebn, por t\u00eb shajn\u00eb Ram\u00ebn dhe t\u00eb bashkohemi.<\/p>\n\n\n\n<h3 class=\"wp-block-heading\"><\/h3>\n\n\n\n<p>Sipas Maliqit, k\u00ebta duhet t\u00eb merren me Ram\u00ebn dhe jo me Berish\u00ebn.<\/p>\n\n\n\n<p>Gjithashtu, ai shton se \u00e7far\u00eb kan\u00eb me Berish\u00ebn, q\u00eb rriti pagat, dyfishoi pensionet, bashkoi kombin liberalizoi vendin, familjar, fisnik, human, patriot i fjal\u00ebs s\u00eb mbajtur, nd\u00ebrsa Rama po shpopullon vendin.<\/p>\n\n\n\n<p><strong>Reagimi i Maliqit:<\/strong><\/p>\n\n\n\n<p>\u201cE pabesueshme e d\u00ebnueshme e pamoralshme!<\/p>\n\n\n\n<p><em>\u00c7\u2019 jan\u00eb k\u00ebta\/k\u00ebto demokrat\u00eb e opozitar\u00eb q\u00eb dalin n\u00eb Media plot vrere, akuza ndaj PD e Berish\u00ebs! Kujt i sh\u00ebrbejn\u00eb keta? Kush i \u00e7on n\u00eb Media kush i keqp\u00ebrdor? Po pse nuk shajn\u00eb Ram\u00ebn, por merren me Berish\u00ebn? \u00c7far\u00eb jan\u00eb k\u00ebta q\u00eb i japin oksigjen Regjimit?! A jan\u00eb Patriot\u00eb k\u00ebta? A e duan vendin k\u00ebta? Po mir\u00eb more k\u00eb doni ju t\u00eb fitoj\u00eb Rama i Regjimit apo Berisha i Demokracis\u00eb, se e sigurt nj\u00ebri fiton, s\u2019ka shanc t\u00eb fitoj\u00eb njeri me k\u00ebt\u00eb \u201cKod Zgjedhor\u201d?<\/em><\/p>\n\n\n\n<p><em>\u00c7far\u00eb keni me Berish\u00ebn, q\u00eb rriti pagat, dyfishoi pensionet, bashkoi kombin liberalizoi vendin, familjar, fisnik, human, patriot i fjal\u00ebs s\u00eb mbajtur. Po Rama q\u00eb shpopulloi vendin, i varf\u00ebroi, kapi Drejt\u00ebsin\u00eb e \u00e7do Institucion, plot skandale korruptiv\u00eb, bleu Nd\u00ebrkomb\u00ebtar\u00ebt, mbushi vendin me drog\u00eb, prishi familjet, po vret djali baban\u00eb v\u00ebllai v\u00ebllan\u00eb, mik i Vu\u00e7i\u00e7it dhe kund\u00ebrshtar i Kurtit etj.<\/em><\/p>\n\n\n\n<p><em>Po si ka mund\u00ebsi i b\u00ebni qejfin dhe i sh\u00ebrbeni n\u00eb opinionin publik Regjimit t\u00eb Ram\u00ebs? Thirrja ime \u00ebsht\u00eb: Bashkohuni n\u00ebse e doni vendin, familjen t\u00eb ardhmen e p\u00ebrbashk\u00ebt Europiani, Demokracin\u00eb e n\u00ebse jeni patriot\u00eb. Koha p\u00ebr Bashkim jo p\u00ebr Diversione! Koha p\u00ebr p\u00ebrballje, jo p\u00ebr p\u00ebrfitime nga Regjimi! Koha p\u00ebr aksion opozitar, jo akuza boshe Mediatike, koha p\u00ebr Revolucion, jo p\u00ebr \u201cSho\u00eb Mediatik\u201d! Koha p\u00ebr ta b\u00ebr\u00eb nat\u00ebn dit\u00eb, deri n\u00eb fitore.! Reflektoni! &nbsp;Bashkohuni se koha \u00ebsht\u00eb tani! T\u00eb shp\u00ebtojm\u00eb vendin nga shpopullimin, nga rr\u00ebshqitja n\u00eb Diktatur\u00eb! Fitore\u201d<\/em>, shkruan Maliqi.<\/p>\n\n\n\n<p> <\/p>\n\n<div style=\"font-size: 0px; height: 0px; line-height: 0px; margin: 0; padding: 0; clear: both;\"><\/div>","protected":false},"excerpt":{"rendered":"<p>Ish-deputeti Lefter Maliqi, p\u00ebrmes nj\u00eb reagimi n\u00eb llogarin\u00eb e tij n\u00eb \u201cFacebook\u201d, shprehet kritik ndaj demokrat\u00ebve q\u00eb shajn\u00eb Berish\u00ebn. Mes t\u00eb tjerash, Maliqi shkruan se; pse duhet&#8230; <\/p>\n","protected":false},"author":1,"featured_media":21123,"comment_status":"open","ping_status":"open","sticky":false,"template":"","format":"standard","meta":{"footnotes":""},"categories":[6],"tags":[],"class_list":["post-21122","post","type-post","status-publish","format-standard","has-post-thumbnail","hentry","category-lajme"],"_links":{"self":[{"href":"https:\/\/new.findnews5.com\/index.php?rest_route=\/wp\/v2\/posts\/21122","targetHints":{"allow":["GET"]}}],"collection":[{"href":"https:\/\/new.findnews5.com\/index.php?rest_route=\/wp\/v2\/posts"}],"about":[{"href":"https:\/\/new.findnews5.com\/index.php?rest_route=\/wp\/v2\/types\/post"}],"author":[{"embeddable":true,"href":"https:\/\/new.findnews5.com\/index.php?rest_route=\/wp\/v2\/users\/1"}],"replies":[{"embeddable":true,"href":"https:\/\/new.findnews5.com\/index.php?rest_route=%2Fwp%2Fv2%2Fcomments&post=21122"}],"version-history":[{"count":0,"href":"https:\/\/new.findnews5.com\/index.php?rest_route=\/wp\/v2\/posts\/21122\/revisions"}],"wp:featuredmedia":[{"embeddable":true,"href":"https:\/\/new.findnews5.com\/index.php?rest_route=\/wp\/v2\/media\/21123"}],"wp:attachment":[{"href":"https:\/\/new.findnews5.com\/index.php?rest_route=%2Fwp%2Fv2%2Fmedia&parent=21122"}],"wp:term":[{"taxonomy":"category","embeddable":true,"href":"https:\/\/new.findnews5.com\/index.php?rest_route=%2Fwp%2Fv2%2Fcategories&post=21122"},{"taxonomy":"post_tag","embeddable":true,"href":"https:\/\/new.findnews5.com\/index.php?rest_route=%2Fwp%2Fv2%2Ftags&post=21122"}],"curies":[{"name":"wp","href":"https:\/\/api.w.org\/{rel}","templated":true}]}}