{"id":21119,"date":"2024-09-22T12:15:00","date_gmt":"2024-09-22T12:15:00","guid":{"rendered":"https:\/\/new.findnews5.com\/?p=21119"},"modified":"2024-09-22T12:15:02","modified_gmt":"2024-09-22T12:15:02","slug":"si-do-te-funksionoje-vatikani-i-bektashinjve-mikroshteti-mysliman-ne-shqiperi-roli-i-baba-mondit-dhe-krahasimi-me-seline-e-shenjte-te-katolicizmit-ne-rome","status":"publish","type":"post","link":"https:\/\/new.findnews5.com\/?p=21119","title":{"rendered":"Si do t\u00eb funksionoj\u00eb \u201cVatikani i bektashinjve\u201d, mikroshteti mysliman n\u00eb Shqip\u00ebri, roli i Baba Mondit dhe krahasimi me Selin\u00eb e Shenjt\u00eb t\u00eb Katolicizmit n\u00eb Rom\u00eb"},"content":{"rendered":"<div class=\"78954ae5fa42b68c1393fe3da4998882\" data-index=\"1\" style=\"float: none; margin:0px 0 0px 0; text-align:center;\">\n<div data-type=\"_mgwidget\" data-widget-id=\"1576712\">\r\n<\/div>\r\n<script>(function(w,q){w[q]=w[q]||[];w[q].push([\"_mgc.load\"])})(window,\"_mgq\");\r\n<\/script>\r\n\n<\/div>\n\n<p>Nj\u00eb nism\u00eb e pazakont\u00eb po merr form\u00eb n\u00eb Shqip\u00ebri, ku kryeministri Edi Rama ka njoftuar s\u00eb fundmi se po planifikohet krijimi i nj\u00eb shteti t\u00eb stilit t\u00eb Vatikanit p\u00ebr komunitetin bektashi. Sipas nj\u00eb artikulli t\u00eb fundit n\u00eb New York Times, ky projekt ka p\u00ebr q\u00ebllim t\u00eb promovoj\u00eb toleranc\u00ebn fetare dhe t\u00eb ofroj\u00eb nj\u00eb enklav\u00eb sovrane p\u00ebr an\u00ebtar\u00ebt e k\u00ebtij besimi, duke e b\u00ebr\u00eb at\u00eb shtetin m\u00eb t\u00eb vog\u00ebl n\u00eb bot\u00eb, brenda territorit shqiptar.<\/p>\n\n\n\n<p><strong>Roli i Baba Mondit<\/strong><\/p>\n\n\n\n<h3 class=\"wp-block-heading\"><\/h3>\n\n\n\n<p>Baba Mondi, udh\u00ebheq\u00ebsi i bektashinjve, do t\u00eb luaj\u00eb nj\u00eb rol ky\u00e7 n\u00eb k\u00ebt\u00eb mikroshtet. Ai \u00ebsht\u00eb nj\u00eb figur\u00eb me ndikim, jo vet\u00ebm n\u00eb Shqip\u00ebri, por edhe n\u00eb mbar\u00eb bot\u00ebn bektashiane. Plani i tij p\u00ebr t\u00eb menaxhuar nj\u00eb territor prej 27 hektar\u00ebsh n\u00eb Tiran\u00eb synon t\u00eb krijoj\u00eb nj\u00eb ambient t\u00eb lir\u00eb dhe tolerant, ku \u00e7do individ mund t\u00eb shprehi besimin e tij pa frik\u00eb nga nd\u00ebshkimi. \u201cZoti nuk ndalon asgj\u00eb; prandaj na dha mendjen,\u201d shprehet ai, duke theksuar qasjen e tij liberale ndaj fes\u00eb.<\/p>\n\n\n\n<p>Baba Mondi ka shprehur d\u00ebshir\u00ebn p\u00ebr t\u00eb krijuar nj\u00eb komunitet q\u00eb nxit bashk\u00ebjetes\u00ebn dhe harmoni nd\u00ebrfetare. Kryeministri Rama thekson se ky entitet do t\u00eb d\u00ebrgoj\u00eb nj\u00eb mesazh t\u00eb r\u00ebnd\u00ebsish\u00ebm p\u00ebr t\u00eb sfiduar stereotipet mbi islamin, duke ofruar nj\u00eb model t\u00eb moderuar q\u00eb promovon bashk\u00ebjetes\u00ebn dhe harmoni. \u201cKjo nuk \u00ebsht\u00eb nj\u00eb \u00e7\u00ebshtje pron\u00ebsie, por nj\u00eb \u00e7\u00ebshtje shpirt\u00ebrore,\u201d deklaron ai, duke n\u00ebnvizuar r\u00ebnd\u00ebsin\u00eb e vlerave shpirt\u00ebrore mbi interesat materiale.<\/p>\n\n\n\n<p><strong>Krahasimi me Vatikanin<br><\/strong>T\u00eb ngjashme me Selin\u00eb e Shenjt\u00eb, q\u00eb qeveris\u00ebt nga Papa si nj\u00eb monark absolut, shteti bektashi do t\u00eb ket\u00eb autoritetin e tij dhe do t\u00eb administroj\u00eb territorin me rregulla t\u00eb ve\u00e7anta q\u00eb reflektojn\u00eb vlerat e tij. Ndryshe nga Vatikanit, i cili \u00ebsht\u00eb i njohur p\u00ebr traditat e tij t\u00eb ngurta dhe struktur\u00ebn hierarkike, Baba Mondi shpreh nj\u00eb qasje m\u00eb liberale. Ai planifikon t\u00eb lejoj\u00eb alkoolin, t\u00eb mb\u00ebshtes\u00eb stilin e jetes\u00ebs dhe t\u00eb inkurajoj\u00eb grat\u00eb t\u00eb veshin \u00e7far\u00eb t\u00eb d\u00ebshirojn\u00eb, duke i dh\u00ebn\u00eb atyre lirin\u00eb p\u00ebr t\u00eb shprehur identitetin e tyre.<\/p>\n\n\n\n<p>Kjo qasje e hapur \u00ebsht\u00eb n\u00eb kontrast t\u00eb theksuar me disa nga interpretimet m\u00eb t\u00eb ngurta t\u00eb Islamit, dhe Baba Mondi shprehet se \u00ebsht\u00eb i p\u00ebrkushtuar p\u00ebr t\u00eb p\u00ebrballuar ekstremizmin. \u201cEkstremist\u00ebt mysliman\u00eb q\u00eb vendosin bomba dhe p\u00ebrdorin dhun\u00ebn p\u00ebr t\u00eb p\u00ebrhapur versionin e tyre t\u00eb besimit, jan\u00eb thjesht kauboj,\u201d thot\u00eb ai.<\/p>\n\n\n\n<p>Megjithat\u00eb, ndryshe nga Vatikanin, i cili ka nj\u00eb histori t\u00eb gjat\u00eb t\u00eb njohjes nd\u00ebrkomb\u00ebtare, shteti i ri bektashi mund t\u00eb p\u00ebrballet me sfida n\u00eb krijimin e legjitimitetit dhe njohjes globale.<\/p>\n\n\n\n<p>Nj\u00eb vend q\u00eb ka shum\u00eb pak gjasa ta njoh\u00eb at\u00eb \u00ebsht\u00eb Irani, i cili ka shum\u00eb ndjek\u00ebs kryesisht t\u00eb fsheht\u00eb t\u00eb islamit sufi, duke p\u00ebrfshir\u00eb disa bektashinj, por e sheh veten si rojtar i Islamit shiit, raporton New York Times.<\/p>\n\n\n\n<p>\u201cIranian\u00ebt jan\u00eb sinqerisht mendimi im i fundit,\u201d thot\u00eb Rama, pavar\u00ebsisht k\u00ebsaj duke theksuar se Shqip\u00ebria ka nd\u00ebrprer\u00eb marr\u00ebdh\u00ebniet diplomatike me Iranin n\u00eb vitin 2022 pas sulmit kibernetik ndaj qeveris\u00eb shqiptare.<br>Krijimi i k\u00ebtij mikroshteti do t\u00eb k\u00ebrkoj\u00eb koh\u00eb dhe p\u00ebrpjekje p\u00ebr t\u00eb realizuar, duke p\u00ebrfshir\u00eb negociata t\u00eb mundshme p\u00ebr pronat dhe mb\u00ebshtetje nga aleat\u00ebt nd\u00ebrkomb\u00ebtar\u00eb. Rama pranon se \u201cndoshta t\u00eb gjith\u00eb do t\u00eb thon\u00eb: \u2018Ky \u00ebsht\u00eb i \u00e7mendur\u2019\u201d, por ai \u00ebsht\u00eb i vendosur t\u00eb vazhdoj\u00eb p\u00ebrpara me k\u00ebt\u00eb nism\u00eb, duke shpresuar q\u00eb t\u00eb ofroj\u00eb nj\u00eb model t\u00eb ri t\u00eb bashk\u00ebjetes\u00ebs. Ai shprehet se grindjet mbi pron\u00ebsin\u00eb e pronave, vet\u00ebm do t\u00eb minonin q\u00ebllimin e shtetit si nj\u00eb \u201cmodel bashk\u00ebjetese\u201d.<a href=\"https:\/\/albeu.com\/lajme\/si-do-te-funksionoje-vatikani-i-bektashinjve-mikroshteti-mysliman-ne-shqiperi-roli-i-baba-mondit-dhe-krahasimi-me-seline-e-shenjte-te-katolicizmit-ne-rome\/729664\/?fbclid=IwZXh0bgNhZW0CMTEAAR00HIcwYRo-rMob2ECJFlzTXDNtJUQvd7jzg3byRGRGN7j5cn12spzszoo_aem_9Fr2L_XbhPilGzCTznYACQ\" target=\"_blank\" rel=\"noreferrer noopener\"><\/a><\/p>\n\n<div style=\"font-size: 0px; height: 0px; line-height: 0px; margin: 0; padding: 0; clear: both;\"><\/div>","protected":false},"excerpt":{"rendered":"<p>Nj\u00eb nism\u00eb e pazakont\u00eb po merr form\u00eb n\u00eb Shqip\u00ebri, ku kryeministri Edi Rama ka njoftuar s\u00eb fundmi se po planifikohet krijimi i nj\u00eb shteti t\u00eb stilit t\u00eb&#8230; <\/p>\n","protected":false},"author":1,"featured_media":21120,"comment_status":"open","ping_status":"open","sticky":false,"template":"","format":"standard","meta":{"footnotes":""},"categories":[6],"tags":[],"class_list":["post-21119","post","type-post","status-publish","format-standard","has-post-thumbnail","hentry","category-lajme"],"_links":{"self":[{"href":"https:\/\/new.findnews5.com\/index.php?rest_route=\/wp\/v2\/posts\/21119","targetHints":{"allow":["GET"]}}],"collection":[{"href":"https:\/\/new.findnews5.com\/index.php?rest_route=\/wp\/v2\/posts"}],"about":[{"href":"https:\/\/new.findnews5.com\/index.php?rest_route=\/wp\/v2\/types\/post"}],"author":[{"embeddable":true,"href":"https:\/\/new.findnews5.com\/index.php?rest_route=\/wp\/v2\/users\/1"}],"replies":[{"embeddable":true,"href":"https:\/\/new.findnews5.com\/index.php?rest_route=%2Fwp%2Fv2%2Fcomments&post=21119"}],"version-history":[{"count":0,"href":"https:\/\/new.findnews5.com\/index.php?rest_route=\/wp\/v2\/posts\/21119\/revisions"}],"wp:featuredmedia":[{"embeddable":true,"href":"https:\/\/new.findnews5.com\/index.php?rest_route=\/wp\/v2\/media\/21120"}],"wp:attachment":[{"href":"https:\/\/new.findnews5.com\/index.php?rest_route=%2Fwp%2Fv2%2Fmedia&parent=21119"}],"wp:term":[{"taxonomy":"category","embeddable":true,"href":"https:\/\/new.findnews5.com\/index.php?rest_route=%2Fwp%2Fv2%2Fcategories&post=21119"},{"taxonomy":"post_tag","embeddable":true,"href":"https:\/\/new.findnews5.com\/index.php?rest_route=%2Fwp%2Fv2%2Ftags&post=21119"}],"curies":[{"name":"wp","href":"https:\/\/api.w.org\/{rel}","templated":true}]}}