{"id":21110,"date":"2024-09-22T12:07:28","date_gmt":"2024-09-22T12:07:28","guid":{"rendered":"https:\/\/new.findnews5.com\/?p=21110"},"modified":"2024-09-22T12:07:29","modified_gmt":"2024-09-22T12:07:29","slug":"pas-ndarjes-nga-ledri-sara-hoxha-merr-kete-vendim-te-rendesishem","status":"publish","type":"post","link":"https:\/\/new.findnews5.com\/?p=21110","title":{"rendered":"Pas ndarjes nga Ledri, Sara Hoxha merr k\u00ebt\u00eb vendim t\u00eb r\u00ebnd\u00ebsish\u00ebm"},"content":{"rendered":"<div class=\"78954ae5fa42b68c1393fe3da4998882\" data-index=\"1\" style=\"float: none; margin:0px 0 0px 0; text-align:center;\">\n<div data-type=\"_mgwidget\" data-widget-id=\"1576712\">\r\n<\/div>\r\n<script>(function(w,q){w[q]=w[q]||[];w[q].push([\"_mgc.load\"])})(window,\"_mgq\");\r\n<\/script>\r\n\n<\/div>\n\n<p>Sara Hoxha ka b\u00ebr\u00eb t\u00eb ditur se do t\u00eb zhvendoset n\u00eb Tiran\u00eb s\u00eb bashku me vajz\u00ebn e saj, Poin, pas ndarjes nga reperi Ledri Vula.<\/p>\n\n\n\n<p>Ajo ndau me ndjek\u00ebsit e saj disa pamje nga sht\u00ebpia e re, duke treguar se procesi i rregullimit t\u00eb banes\u00ebs \u00ebsht\u00eb n\u00eb p\u00ebrfundim.<\/p>\n\n\n\n<p>N\u00eb nj\u00eb postim n\u00eb rrjetet sociale, Sara shkroi: \u201cDita e djeshme ishte shum\u00eb emocionuese.<\/p>\n\n\n\n<p>Un\u00eb dhe Poi shkuam t\u00eb shikonim sht\u00ebpin\u00eb ton\u00eb t\u00eb re q\u00eb s\u00eb shpejti do t\u00eb jet\u00eb gati.\u201d<\/p>\n\n\n\n<p>Nd\u00ebrkoh\u00eb, Ledri \u00ebsht\u00eb n\u00eb nj\u00eb lidhje t\u00eb re me k\u00ebng\u00ebtaren Rina Zaiti, nj\u00eb fakt q\u00eb doli n\u00eb publik p\u00ebrmes fotove t\u00eb paparac\u00ebve.<\/p>\n\n\n\n<p>Megjith\u00ebse ai nuk ka folur publikisht p\u00ebr ndarjen apo lidhjen e re, Sara ka vazhduar p\u00ebrpara me planet e saj p\u00ebr jet\u00ebn e re n\u00eb kryeqytet.<\/p>\n\n\n<div class=\"wp-block-image\">\n<figure class=\"aligncenter\"><a href=\"https:\/\/zyrtare.net\/wp-content\/uploads\/2024\/09\/sara-hoxha-poem-89734954363.jpg\"><img decoding=\"async\" src=\"https:\/\/zyrtare.net\/wp-content\/uploads\/2024\/09\/sara-hoxha-poem-89734954363.jpg\" alt=\"\" class=\"wp-image-390701\"\/><\/a><\/figure>\n<\/div>\n<div style=\"font-size: 0px; height: 0px; line-height: 0px; margin: 0; padding: 0; clear: both;\"><\/div>","protected":false},"excerpt":{"rendered":"<p>Sara Hoxha ka b\u00ebr\u00eb t\u00eb ditur se do t\u00eb zhvendoset n\u00eb Tiran\u00eb s\u00eb bashku me vajz\u00ebn e saj, Poin, pas ndarjes nga reperi Ledri Vula. Ajo ndau&#8230; <\/p>\n","protected":false},"author":1,"featured_media":21111,"comment_status":"open","ping_status":"open","sticky":false,"template":"","format":"standard","meta":{"footnotes":""},"categories":[6],"tags":[],"class_list":["post-21110","post","type-post","status-publish","format-standard","has-post-thumbnail","hentry","category-lajme"],"_links":{"self":[{"href":"https:\/\/new.findnews5.com\/index.php?rest_route=\/wp\/v2\/posts\/21110","targetHints":{"allow":["GET"]}}],"collection":[{"href":"https:\/\/new.findnews5.com\/index.php?rest_route=\/wp\/v2\/posts"}],"about":[{"href":"https:\/\/new.findnews5.com\/index.php?rest_route=\/wp\/v2\/types\/post"}],"author":[{"embeddable":true,"href":"https:\/\/new.findnews5.com\/index.php?rest_route=\/wp\/v2\/users\/1"}],"replies":[{"embeddable":true,"href":"https:\/\/new.findnews5.com\/index.php?rest_route=%2Fwp%2Fv2%2Fcomments&post=21110"}],"version-history":[{"count":0,"href":"https:\/\/new.findnews5.com\/index.php?rest_route=\/wp\/v2\/posts\/21110\/revisions"}],"wp:featuredmedia":[{"embeddable":true,"href":"https:\/\/new.findnews5.com\/index.php?rest_route=\/wp\/v2\/media\/21111"}],"wp:attachment":[{"href":"https:\/\/new.findnews5.com\/index.php?rest_route=%2Fwp%2Fv2%2Fmedia&parent=21110"}],"wp:term":[{"taxonomy":"category","embeddable":true,"href":"https:\/\/new.findnews5.com\/index.php?rest_route=%2Fwp%2Fv2%2Fcategories&post=21110"},{"taxonomy":"post_tag","embeddable":true,"href":"https:\/\/new.findnews5.com\/index.php?rest_route=%2Fwp%2Fv2%2Ftags&post=21110"}],"curies":[{"name":"wp","href":"https:\/\/api.w.org\/{rel}","templated":true}]}}