{"id":21106,"date":"2024-09-22T08:55:40","date_gmt":"2024-09-22T08:55:40","guid":{"rendered":"https:\/\/new.findnews5.com\/?p=21106"},"modified":"2024-09-22T08:55:42","modified_gmt":"2024-09-22T08:55:42","slug":"kiara-tito-tregon-situaten-e-veshtire-qe-kaloi-pas-lindjes-se-lunes-ka-nje-keshill-per-te-gjithe-nenat-e-reja","status":"publish","type":"post","link":"https:\/\/new.findnews5.com\/?p=21106","title":{"rendered":"Kiara Tito tregon situat\u00ebn e v\u00ebshtir\u00eb q\u00eb kaloi pas lindjes s\u00eb Lun\u00ebs. Ka nj\u00eb KESHILL p\u00ebr t\u00eb gjith\u00eb n\u00ebnat e reja"},"content":{"rendered":"<div class=\"78954ae5fa42b68c1393fe3da4998882\" data-index=\"1\" style=\"float: none; margin:0px 0 0px 0; text-align:center;\">\n<div data-type=\"_mgwidget\" data-widget-id=\"1576712\">\r\n<\/div>\r\n<script>(function(w,q){w[q]=w[q]||[];w[q].push([\"_mgc.load\"])})(window,\"_mgq\");\r\n<\/script>\r\n\n<\/div>\n\n<p>Kiara Tito, ka folur p\u00ebr depresionin pas lindjes s\u00eb Lun\u00ebs n\u00eb nj\u00eb pyetesor n\u00eb Instagram.<\/p>\n\n\n\n<figure class=\"wp-block-image\"><img decoding=\"async\" src=\"https:\/\/evindepaketle.com\/wp\/wp-content\/uploads\/2024\/09\/image-68-7.jpg\" alt=\"\" class=\"wp-image-59233\"\/><\/figure>\n\n\n\n<p>Nj\u00eb ndjek\u00ebs e pyeti se si e kishte kaluar k\u00ebt\u00eb periudh\u00eb t\u00eb v\u00ebshtir\u00eb, duke shprehur shqet\u00ebsimin se ndodhet n\u00eb t\u00eb nj\u00ebjt\u00ebn situat\u00eb.<\/p>\n\n\n\n<p>Kiara theksoi se depresioni pas lindjes \u00ebsht\u00eb nj\u00eb gjendje q\u00eb kalon, pavar\u00ebsisht se n\u00eb at\u00eb moment mund t\u00eb duket e pamundur.<\/p>\n\n\n\n<p>Ajo inkurajoi n\u00ebnat q\u00eb t\u00eb besojn\u00eb se dit\u00eb m\u00eb t\u00eb bukura do t\u00eb vijn\u00eb, sapo t\u00eb fillojn\u00eb t\u00eb adaptohen me rutin\u00ebn e re.<\/p>\n\n\n\n<p>Ajo ndau disa k\u00ebshilla praktike p\u00ebr t\u00eb ndihmuar n\u00eb p\u00ebrballimin e situat\u00ebs: k\u00ebrkimi i ndihm\u00ebs p\u00ebr kujdesin e f\u00ebmij\u00ebs, daljet n\u00eb aj\u00ebr t\u00eb past\u00ebr, dhe r\u00ebnd\u00ebsia e kujdesit p\u00ebr veten.<\/p>\n\n\n\n<p>Kiara theksoi se \u00e7do n\u00ebn\u00eb ka nevoj\u00eb p\u00ebr pak kujdes p\u00ebr veten, sepse mir\u00ebqenia e saj ka ndikim t\u00eb drejtp\u00ebrdrejt n\u00eb mir\u00ebqenien e f\u00ebmij\u00ebs.<\/p>\n\n\n\n<p>Kjo p\u00ebrvoj\u00eb e Kiar\u00ebs \u00ebsht\u00eb nj\u00eb kujtes\u00eb se ndihma dhe mb\u00ebshtetja jan\u00eb thelb\u00ebsore gjat\u00eb k\u00ebsaj periudhe t\u00eb v\u00ebshtir\u00eb p\u00ebr shum\u00eb n\u00ebna.<\/p>\n\n\n\n<figure class=\"wp-block-image\"><img decoding=\"async\" src=\"https:\/\/evindepaketle.com\/wp\/wp-content\/uploads\/2024\/09\/image-68-6.jpg\" alt=\"\" class=\"wp-image-59232\"\/><\/figure>\n\n<div style=\"font-size: 0px; height: 0px; line-height: 0px; margin: 0; padding: 0; clear: both;\"><\/div>","protected":false},"excerpt":{"rendered":"<p>Kiara Tito, ka folur p\u00ebr depresionin pas lindjes s\u00eb Lun\u00ebs n\u00eb nj\u00eb pyetesor n\u00eb Instagram. Nj\u00eb ndjek\u00ebs e pyeti se si e kishte kaluar k\u00ebt\u00eb periudh\u00eb t\u00eb&#8230; <\/p>\n","protected":false},"author":1,"featured_media":21107,"comment_status":"open","ping_status":"open","sticky":false,"template":"","format":"standard","meta":{"footnotes":""},"categories":[6],"tags":[],"class_list":["post-21106","post","type-post","status-publish","format-standard","has-post-thumbnail","hentry","category-lajme"],"_links":{"self":[{"href":"https:\/\/new.findnews5.com\/index.php?rest_route=\/wp\/v2\/posts\/21106","targetHints":{"allow":["GET"]}}],"collection":[{"href":"https:\/\/new.findnews5.com\/index.php?rest_route=\/wp\/v2\/posts"}],"about":[{"href":"https:\/\/new.findnews5.com\/index.php?rest_route=\/wp\/v2\/types\/post"}],"author":[{"embeddable":true,"href":"https:\/\/new.findnews5.com\/index.php?rest_route=\/wp\/v2\/users\/1"}],"replies":[{"embeddable":true,"href":"https:\/\/new.findnews5.com\/index.php?rest_route=%2Fwp%2Fv2%2Fcomments&post=21106"}],"version-history":[{"count":0,"href":"https:\/\/new.findnews5.com\/index.php?rest_route=\/wp\/v2\/posts\/21106\/revisions"}],"wp:featuredmedia":[{"embeddable":true,"href":"https:\/\/new.findnews5.com\/index.php?rest_route=\/wp\/v2\/media\/21107"}],"wp:attachment":[{"href":"https:\/\/new.findnews5.com\/index.php?rest_route=%2Fwp%2Fv2%2Fmedia&parent=21106"}],"wp:term":[{"taxonomy":"category","embeddable":true,"href":"https:\/\/new.findnews5.com\/index.php?rest_route=%2Fwp%2Fv2%2Fcategories&post=21106"},{"taxonomy":"post_tag","embeddable":true,"href":"https:\/\/new.findnews5.com\/index.php?rest_route=%2Fwp%2Fv2%2Ftags&post=21106"}],"curies":[{"name":"wp","href":"https:\/\/api.w.org\/{rel}","templated":true}]}}