{"id":21093,"date":"2024-09-21T08:36:55","date_gmt":"2024-09-21T08:36:55","guid":{"rendered":"https:\/\/new.findnews5.com\/?p=21093"},"modified":"2024-09-21T08:36:57","modified_gmt":"2024-09-21T08:36:57","slug":"nderroi-jete-111-vjecarja-nga-ferizaj-xhezide-alija-nje-nder-grate-me-te-vjetrat-shqiptare","status":"publish","type":"post","link":"https:\/\/new.findnews5.com\/?p=21093","title":{"rendered":"Nd\u00ebrroi jet\u00eb 111 vje\u00e7arja nga Ferizaj, Xhezide Alija, nj\u00eb nd\u00ebr grat\u00eb m\u00eb t\u00eb vjetrat shqiptare"},"content":{"rendered":"<div class=\"78954ae5fa42b68c1393fe3da4998882\" data-index=\"1\" style=\"float: none; margin:0px 0 0px 0; text-align:center;\">\n<div data-type=\"_mgwidget\" data-widget-id=\"1576712\">\r\n<\/div>\r\n<script>(function(w,q){w[q]=w[q]||[];w[q].push([\"_mgc.load\"])})(window,\"_mgq\");\r\n<\/script>\r\n\n<\/div>\n<p>K\u00ebt\u00eb t\u00eb premte ka vdekur nj\u00eb nga personat m\u00eb t\u00eb vjet\u00ebr n\u00eb Kosov\u00eb, Xhezide Aliu nga Ferizaj. Xhezide Aliu vdiq n\u00eb mosh\u00ebn 111-vje\u00e7are, teksa varrimi do t\u00eb b\u00ebhet sot n\u00eb ora 16:10.<\/p>\n<p>\u201cJu njoftojm\u00eb se ka nd\u00ebrruar jet\u00eb, N\u00ebn\u00eblokja Xhezide Alija (05.08.1913 \u2013 20.09.2024), n\u00ebna e Nuhi, Hysni dhe Remzi Aliut.<\/p>\n<p>Varrimi i t\u00eb ndjer\u00ebs b\u00ebhet sot, m\u00eb 20.09.2024, (e premte) n\u00eb ora 16.10, me Ikindi, n\u00eb varrezat e fshatit Dardani, Ferizaj.\u201d \u2013 ka njoftuar familja. Xhezide Alija ishte nj\u00eb nga personat m\u00eb t\u00eb vjet\u00ebr n\u00eb Kosov\u00eb.<\/p>\n\n<div style=\"font-size: 0px; height: 0px; line-height: 0px; margin: 0; padding: 0; clear: both;\"><\/div>","protected":false},"excerpt":{"rendered":"<p>K\u00ebt\u00eb t\u00eb premte ka vdekur nj\u00eb nga personat m\u00eb t\u00eb vjet\u00ebr n\u00eb Kosov\u00eb, Xhezide Aliu nga Ferizaj. Xhezide Aliu vdiq n\u00eb mosh\u00ebn 111-vje\u00e7are, teksa varrimi do t\u00eb&#8230; <\/p>\n","protected":false},"author":1,"featured_media":21094,"comment_status":"open","ping_status":"open","sticky":false,"template":"","format":"standard","meta":{"footnotes":""},"categories":[6],"tags":[],"class_list":["post-21093","post","type-post","status-publish","format-standard","has-post-thumbnail","hentry","category-lajme"],"_links":{"self":[{"href":"https:\/\/new.findnews5.com\/index.php?rest_route=\/wp\/v2\/posts\/21093","targetHints":{"allow":["GET"]}}],"collection":[{"href":"https:\/\/new.findnews5.com\/index.php?rest_route=\/wp\/v2\/posts"}],"about":[{"href":"https:\/\/new.findnews5.com\/index.php?rest_route=\/wp\/v2\/types\/post"}],"author":[{"embeddable":true,"href":"https:\/\/new.findnews5.com\/index.php?rest_route=\/wp\/v2\/users\/1"}],"replies":[{"embeddable":true,"href":"https:\/\/new.findnews5.com\/index.php?rest_route=%2Fwp%2Fv2%2Fcomments&post=21093"}],"version-history":[{"count":0,"href":"https:\/\/new.findnews5.com\/index.php?rest_route=\/wp\/v2\/posts\/21093\/revisions"}],"wp:featuredmedia":[{"embeddable":true,"href":"https:\/\/new.findnews5.com\/index.php?rest_route=\/wp\/v2\/media\/21094"}],"wp:attachment":[{"href":"https:\/\/new.findnews5.com\/index.php?rest_route=%2Fwp%2Fv2%2Fmedia&parent=21093"}],"wp:term":[{"taxonomy":"category","embeddable":true,"href":"https:\/\/new.findnews5.com\/index.php?rest_route=%2Fwp%2Fv2%2Fcategories&post=21093"},{"taxonomy":"post_tag","embeddable":true,"href":"https:\/\/new.findnews5.com\/index.php?rest_route=%2Fwp%2Fv2%2Ftags&post=21093"}],"curies":[{"name":"wp","href":"https:\/\/api.w.org\/{rel}","templated":true}]}}