{"id":21090,"date":"2024-09-21T08:30:09","date_gmt":"2024-09-21T08:30:09","guid":{"rendered":"https:\/\/new.findnews5.com\/?p=21090"},"modified":"2024-09-21T08:30:12","modified_gmt":"2024-09-21T08:30:12","slug":"ish-e-dashura-akuzon-priftin-kemi-bere-sks-ne-kishe-me-ndau-nga-familja","status":"publish","type":"post","link":"https:\/\/new.findnews5.com\/?p=21090","title":{"rendered":"Ish e dashura akuzon priftin: Kemi b\u00ebr\u00eb s*ks n\u00eb kishe, m\u00eb ndau nga familja"},"content":{"rendered":"<div class=\"78954ae5fa42b68c1393fe3da4998882\" data-index=\"1\" style=\"float: none; margin:0px 0 0px 0; text-align:center;\">\n<div data-type=\"_mgwidget\" data-widget-id=\"1576712\">\r\n<\/div>\r\n<script>(function(w,q){w[q]=w[q]||[];w[q].push([\"_mgc.load\"])})(window,\"_mgq\");\r\n<\/script>\r\n\n<\/div>\n<p>N\u00eb emisionin Fiks Fare mb\u00ebrrin nj\u00eb denoncim nga zonja Pranvera e cila akuzon p\u00ebr mashtrim priftin Arkip Ko\u00e7i. Sipas saj ajo ka patur nj\u00eb lidhje jasht\u00ebmartesore me priftin prej 5 vitesh, por q\u00eb tani e ka nd\u00ebrprer\u00eb.<\/p>\n<p>Ajo e akuzon se e ka mashtruar duke i premtuar se do t\u00eb jetonin bashk\u00eb dhe si rezultat ajo ka prishur familjen e saj duke u ndar\u00eb nga burri dhe f\u00ebmij\u00ebt.<\/p>\n<p>\u201cM\u00eb premtoi se do jetonte me mua, madje m\u00eb ka dhuruar edhe unaz\u00ebn e mamas\u00eb s\u00eb tij. Disa her\u00eb kemi kryer marr\u00ebdh\u00ebnie seksuale edhe brenda n\u00eb kish\u00eb n\u00eb dhom\u00ebn e rinis\u00eb dhe ai ka qen\u00eb me rrobat e priftit\u201d, tregon Pranvera.<\/p>\n<p>Pranver\u00ebn gjat\u00eb denoncimit t\u00eb saj e shoq\u00ebronte edhe ish-bashk\u00ebshorti i cili e njeh Arben Ko\u00e7in ose si\u00e7 njihet me emrin e pag\u00ebzimit Arkip Ko\u00e7i.<\/p>\n<p>\u201cNuk e kisha kuptuar lidhjen e tyre, por shihja q\u00eb Pranvera gjente \u00e7do lloj justifikimi t\u00eb mundsh\u00ebm q\u00eb t\u00eb shkonte n\u00eb Lushnje\u201d, tregon ai.<\/p>\n<p>Arkip Ko\u00e7i \u00ebsht\u00eb prift n\u00eb Kish\u00ebn Orthodhokse \u201cSh\u00ebn Gjergji dhe Sh\u00ebn e Premte\u201d n\u00eb Lushnje. Vend t\u00eb cilin Pranvera e p\u00ebrmend q\u00eb \u00ebsht\u00eb p\u00ebrdhosur nga figura e priftit, pasi brenda n\u00eb kish\u00eb kan\u00eb kryer marr\u00ebdh\u00ebnie seksuale.<br \/>\nPo si nisi historia e tyre?<\/p>\n<p>\u201cUn\u00eb e njoh Arbenin q\u00eb vajz\u00eb e re dhe kemi pasur nj\u00eb lidhje n\u00eb at\u00eb koh\u00eb, por m\u00eb pas rrug\u00ebt tona u ndan\u00eb dhe ne nd\u00ebrtuam jet\u00eb dhe familje secili m\u00eb vet\u00eb. Pas shum\u00eb koh\u00ebsh rikthehem n\u00eb kish\u00ebn n\u00eb Lushnje se do pag\u00ebzoja nipin dhe e ritakoj aty. Q\u00eb asaj dite ne kemi komunikuar rregullisht filluam dhe historin\u00eb ton\u00eb t\u00eb dashuris\u00eb q\u00eb zgjati 5 vjet. Ai m\u00eb premtoi se do t\u00eb jetonte me mua thjesht po priste sa t\u00eb rregullonte edhe djalin n\u00eb shkoll\u00eb\u201d, tregon Pranvera.<\/p>\n<p><iframe loading=\"lazy\" src=\"https:\/\/www.facebook.com\/plugins\/video.php?height=476&#038;href=https%3A%2F%2Fwww.facebook.com%2FQyteti.i.Lushnjes.AL%2Fvideos%2F1739941466822881%2F&#038;show_text=false&#038;width=267&#038;t=0\" width=\"267\" height=\"476\" style=\"border:none;overflow:hidden\" scrolling=\"no\" frameborder=\"0\" allowfullscreen=\"true\" allow=\"autoplay; clipboard-write; encrypted-media; picture-in-picture; web-share\" allowFullScreen=\"true\"><\/iframe><\/p>\n\n<div style=\"font-size: 0px; height: 0px; line-height: 0px; margin: 0; padding: 0; clear: both;\"><\/div>","protected":false},"excerpt":{"rendered":"<p>N\u00eb emisionin Fiks Fare mb\u00ebrrin nj\u00eb denoncim nga zonja Pranvera e cila akuzon p\u00ebr mashtrim priftin Arkip Ko\u00e7i. Sipas saj ajo ka patur nj\u00eb lidhje jasht\u00ebmartesore me&#8230; <\/p>\n","protected":false},"author":1,"featured_media":21091,"comment_status":"open","ping_status":"open","sticky":false,"template":"","format":"standard","meta":{"footnotes":""},"categories":[6],"tags":[],"class_list":["post-21090","post","type-post","status-publish","format-standard","has-post-thumbnail","hentry","category-lajme"],"_links":{"self":[{"href":"https:\/\/new.findnews5.com\/index.php?rest_route=\/wp\/v2\/posts\/21090","targetHints":{"allow":["GET"]}}],"collection":[{"href":"https:\/\/new.findnews5.com\/index.php?rest_route=\/wp\/v2\/posts"}],"about":[{"href":"https:\/\/new.findnews5.com\/index.php?rest_route=\/wp\/v2\/types\/post"}],"author":[{"embeddable":true,"href":"https:\/\/new.findnews5.com\/index.php?rest_route=\/wp\/v2\/users\/1"}],"replies":[{"embeddable":true,"href":"https:\/\/new.findnews5.com\/index.php?rest_route=%2Fwp%2Fv2%2Fcomments&post=21090"}],"version-history":[{"count":0,"href":"https:\/\/new.findnews5.com\/index.php?rest_route=\/wp\/v2\/posts\/21090\/revisions"}],"wp:featuredmedia":[{"embeddable":true,"href":"https:\/\/new.findnews5.com\/index.php?rest_route=\/wp\/v2\/media\/21091"}],"wp:attachment":[{"href":"https:\/\/new.findnews5.com\/index.php?rest_route=%2Fwp%2Fv2%2Fmedia&parent=21090"}],"wp:term":[{"taxonomy":"category","embeddable":true,"href":"https:\/\/new.findnews5.com\/index.php?rest_route=%2Fwp%2Fv2%2Fcategories&post=21090"},{"taxonomy":"post_tag","embeddable":true,"href":"https:\/\/new.findnews5.com\/index.php?rest_route=%2Fwp%2Fv2%2Ftags&post=21090"}],"curies":[{"name":"wp","href":"https:\/\/api.w.org\/{rel}","templated":true}]}}