{"id":21084,"date":"2024-09-21T08:22:20","date_gmt":"2024-09-21T08:22:20","guid":{"rendered":"https:\/\/new.findnews5.com\/?p=21084"},"modified":"2024-09-21T08:22:22","modified_gmt":"2024-09-21T08:22:22","slug":"ma-solle-kafen-si-diversant-rama-befason-kamerierin-me-reagimin-epik-mos-je","status":"publish","type":"post","link":"https:\/\/new.findnews5.com\/?p=21084","title":{"rendered":"\u201cMa solle kafen si diversant!\u201d\/ Rama befason kamerierin me reagimin epik: Mos je\u2026"},"content":{"rendered":"<div class=\"78954ae5fa42b68c1393fe3da4998882\" data-index=\"1\" style=\"float: none; margin:0px 0 0px 0; text-align:center;\">\n<div data-type=\"_mgwidget\" data-widget-id=\"1576712\">\r\n<\/div>\r\n<script>(function(w,q){w[q]=w[q]||[];w[q].push([\"_mgc.load\"])})(window,\"_mgq\");\r\n<\/script>\r\n\n<\/div>\n\n<p>Kryeministri Edi Rama dit\u00ebn e sotme ka zhvilluar nj\u00eb takim me student\u00ebt n\u00eb shkoll\u00ebn Profesionale t\u00eb Elbasanit. Rama u shpreh se n\u00eb at\u00eb shkoll\u00eb studiojn\u00eb 1400 nx\u00ebn\u00ebs, me +8% m\u00eb shum\u00eb regjistrime n\u00eb klas\u00eb t\u00eb 10-t\u00eb se viti i kaluar.<\/p>\n\n\n\n<p>E nuk kishte se si n\u00eb k\u00ebt\u00eb takim me nx\u00ebn\u00ebsit t\u00eb mungonin edhe batutat e kryeministrit. N\u00eb nj\u00eb moment nj\u00eb nga nx\u00ebn\u00ebsit i ka d\u00ebrguar nj\u00eb kafe vet\u00ebm kryeministrit, nd\u00ebrsa Rama tha se nuk do pinte vet\u00ebm kafe, teksa me humor e pyeti djalin e ti n\u00ebse ishte me origjin\u00eb nga Gjirokastra.<\/p>\n\n\n\n<p><em>\u201cSi t\u00eb m\u00eb b\u00ebj\u00eb mir\u00eb? \u00c7far\u00eb jam un\u00eb k\u00ebtu, diversant q\u00eb t\u00eb pi kafe vet\u00ebm? Nuk ka nevoj\u00eb p\u00ebr \u00ebmb\u00eblsira, na b\u00ebj ndonj\u00eb kafe. Nga Gjirokastra jeni ju? Shum\u00eb t\u00eb shtr\u00ebnguar e paske dor\u00ebn\u201d, tha Rama duke qeshur.<\/em><\/p>\n\n<script type=\"text\/javascript\" src=\"https:\/\/files.fm\/embed\/playerv2?hash=ujcuhqg56t&#038;autoplay=off&#038;autoload=off&#038;w=100%&#038;h=auto&#038;poster_src=https:\/\/files.fm\/thumb_video_picture.php?i=ujcuhqg56t\" id=\"filesfm_embed_js__ujcuhqg56t\"><\/script>\n<div style=\"font-size: 0px; height: 0px; line-height: 0px; margin: 0; padding: 0; clear: both;\"><\/div>","protected":false},"excerpt":{"rendered":"<p>Kryeministri Edi Rama dit\u00ebn e sotme ka zhvilluar nj\u00eb takim me student\u00ebt n\u00eb shkoll\u00ebn Profesionale t\u00eb Elbasanit. Rama u shpreh se n\u00eb at\u00eb shkoll\u00eb studiojn\u00eb 1400 nx\u00ebn\u00ebs,&#8230; <\/p>\n","protected":false},"author":1,"featured_media":21085,"comment_status":"open","ping_status":"open","sticky":false,"template":"","format":"standard","meta":{"footnotes":""},"categories":[6],"tags":[],"class_list":["post-21084","post","type-post","status-publish","format-standard","has-post-thumbnail","hentry","category-lajme"],"_links":{"self":[{"href":"https:\/\/new.findnews5.com\/index.php?rest_route=\/wp\/v2\/posts\/21084","targetHints":{"allow":["GET"]}}],"collection":[{"href":"https:\/\/new.findnews5.com\/index.php?rest_route=\/wp\/v2\/posts"}],"about":[{"href":"https:\/\/new.findnews5.com\/index.php?rest_route=\/wp\/v2\/types\/post"}],"author":[{"embeddable":true,"href":"https:\/\/new.findnews5.com\/index.php?rest_route=\/wp\/v2\/users\/1"}],"replies":[{"embeddable":true,"href":"https:\/\/new.findnews5.com\/index.php?rest_route=%2Fwp%2Fv2%2Fcomments&post=21084"}],"version-history":[{"count":0,"href":"https:\/\/new.findnews5.com\/index.php?rest_route=\/wp\/v2\/posts\/21084\/revisions"}],"wp:featuredmedia":[{"embeddable":true,"href":"https:\/\/new.findnews5.com\/index.php?rest_route=\/wp\/v2\/media\/21085"}],"wp:attachment":[{"href":"https:\/\/new.findnews5.com\/index.php?rest_route=%2Fwp%2Fv2%2Fmedia&parent=21084"}],"wp:term":[{"taxonomy":"category","embeddable":true,"href":"https:\/\/new.findnews5.com\/index.php?rest_route=%2Fwp%2Fv2%2Fcategories&post=21084"},{"taxonomy":"post_tag","embeddable":true,"href":"https:\/\/new.findnews5.com\/index.php?rest_route=%2Fwp%2Fv2%2Ftags&post=21084"}],"curies":[{"name":"wp","href":"https:\/\/api.w.org\/{rel}","templated":true}]}}