{"id":21081,"date":"2024-09-21T08:18:45","date_gmt":"2024-09-21T08:18:45","guid":{"rendered":"https:\/\/new.findnews5.com\/?p=21081"},"modified":"2024-09-21T08:18:47","modified_gmt":"2024-09-21T08:18:47","slug":"me-mire-te-me-kishte-marre-zoti-mua-mes-loteve-edlira-cepani-i-jep-lamtumiren-e-fundit-te-shoqit-gerti-bogdanit","status":"publish","type":"post","link":"https:\/\/new.findnews5.com\/?p=21081","title":{"rendered":"&#8220;M\u00eb mir\u00eb t\u00eb m\u00eb kishte marr\u00eb Zoti mua&#8230;&#8221;. Mes lot\u00ebve Edlira \u00c7epani i jep lamtumir\u00ebn e fundit t\u00eb shoqit, Gerti Bogdanit"},"content":{"rendered":"<div class=\"78954ae5fa42b68c1393fe3da4998882\" data-index=\"1\" style=\"float: none; margin:0px 0 0px 0; text-align:center;\">\n<div data-type=\"_mgwidget\" data-widget-id=\"1576712\">\r\n<\/div>\r\n<script>(function(w,q){w[q]=w[q]||[];w[q].push([\"_mgc.load\"])})(window,\"_mgq\");\r\n<\/script>\r\n\n<\/div>\n\n<p>Familja e Gerti Bogdanit \u00ebsht\u00eb tronditur nga lajmi i kobsh\u00ebm i ikje s\u00eb tij t\u00eb parakohshme vet\u00ebm 44 vje\u00e7! Paraditen e djeshme Kuvendi hapi dyer p\u00ebr ceremonin\u00eb e homazheve n\u00eb nder t\u00eb tij, ku p\u00ebr m\u00eb shum\u00eb se dy or\u00eb mij\u00ebra persona mor\u00eb pjes\u00eb dhe u b\u00ebn\u00eb bashk\u00eb p\u00ebr ta kujtuar dhe nderuar at\u00eb. <\/p>\n\n\n\n<p>Teksa arkmorti i ish-deputetit t\u00eb PD ishte i vendosur jasht\u00eb hyrjes s\u00eb Kuvendit, bashk\u00ebshortja e tij, Edlira \u00c7epani, nuk i mbante lot\u00ebt.<\/p>\n\n\n\n<p>\u201cDo doja shum\u00eb ta kishe vazhduar rrug\u00ebtimin o zem\u00ebr, se m\u00eb premtove q\u00eb do e mbanim dor\u00ebn bashk\u00eb, q\u00eb nuk do ma l\u00ebshoje dor\u00ebn. Por ne do ta vazhdojm\u00eb rrug\u00ebtimin bashk\u00eb, se un\u00eb do t\u00eb t\u00eb dua \u00e7do dit\u00eb p\u00ebr t\u00ebr\u00eb jet\u00ebn. Zoti t\u00eb m\u00eb merrte mua, q\u00eb t\u2019i rrisje t\u2019i f\u00ebmij\u00ebt\u201d, tha ajo e mbytur n\u00eb lot!<\/p>\n\n<div style=\"font-size: 0px; height: 0px; line-height: 0px; margin: 0; padding: 0; clear: both;\"><\/div>","protected":false},"excerpt":{"rendered":"<p>Familja e Gerti Bogdanit \u00ebsht\u00eb tronditur nga lajmi i kobsh\u00ebm i ikje s\u00eb tij t\u00eb parakohshme vet\u00ebm 44 vje\u00e7! Paraditen e djeshme Kuvendi hapi dyer p\u00ebr ceremonin\u00eb&#8230; <\/p>\n","protected":false},"author":1,"featured_media":21082,"comment_status":"open","ping_status":"open","sticky":false,"template":"","format":"standard","meta":{"footnotes":""},"categories":[6],"tags":[],"class_list":["post-21081","post","type-post","status-publish","format-standard","has-post-thumbnail","hentry","category-lajme"],"_links":{"self":[{"href":"https:\/\/new.findnews5.com\/index.php?rest_route=\/wp\/v2\/posts\/21081","targetHints":{"allow":["GET"]}}],"collection":[{"href":"https:\/\/new.findnews5.com\/index.php?rest_route=\/wp\/v2\/posts"}],"about":[{"href":"https:\/\/new.findnews5.com\/index.php?rest_route=\/wp\/v2\/types\/post"}],"author":[{"embeddable":true,"href":"https:\/\/new.findnews5.com\/index.php?rest_route=\/wp\/v2\/users\/1"}],"replies":[{"embeddable":true,"href":"https:\/\/new.findnews5.com\/index.php?rest_route=%2Fwp%2Fv2%2Fcomments&post=21081"}],"version-history":[{"count":0,"href":"https:\/\/new.findnews5.com\/index.php?rest_route=\/wp\/v2\/posts\/21081\/revisions"}],"wp:featuredmedia":[{"embeddable":true,"href":"https:\/\/new.findnews5.com\/index.php?rest_route=\/wp\/v2\/media\/21082"}],"wp:attachment":[{"href":"https:\/\/new.findnews5.com\/index.php?rest_route=%2Fwp%2Fv2%2Fmedia&parent=21081"}],"wp:term":[{"taxonomy":"category","embeddable":true,"href":"https:\/\/new.findnews5.com\/index.php?rest_route=%2Fwp%2Fv2%2Fcategories&post=21081"},{"taxonomy":"post_tag","embeddable":true,"href":"https:\/\/new.findnews5.com\/index.php?rest_route=%2Fwp%2Fv2%2Ftags&post=21081"}],"curies":[{"name":"wp","href":"https:\/\/api.w.org\/{rel}","templated":true}]}}