{"id":21074,"date":"2024-09-21T08:14:19","date_gmt":"2024-09-21T08:14:19","guid":{"rendered":"https:\/\/new.findnews5.com\/?p=21074"},"modified":"2024-09-21T08:14:21","modified_gmt":"2024-09-21T08:14:21","slug":"nga-reshjet-tek-temperaturat-sinoptikani-hakil-osmani-tregon-si-do-te-jete-moti-ne-fundjave","status":"publish","type":"post","link":"https:\/\/new.findnews5.com\/?p=21074","title":{"rendered":"Nga reshjet tek temperaturat, sinoptikani Hakil Osmani tregon si do t\u00eb jet\u00eb moti n\u00eb fundjav\u00eb"},"content":{"rendered":"<div class=\"78954ae5fa42b68c1393fe3da4998882\" data-index=\"1\" style=\"float: none; margin:0px 0 0px 0; text-align:center;\">\n<div data-type=\"_mgwidget\" data-widget-id=\"1576712\">\r\n<\/div>\r\n<script>(function(w,q){w[q]=w[q]||[];w[q].push([\"_mgc.load\"])})(window,\"_mgq\");\r\n<\/script>\r\n\n<\/div>\n\n<p>Sinoptikani i njohur Hakil Osmani nga \u201cMeteoAlb\u201d, n\u00eb nj\u00eb lidhje direkte p\u00ebr Klan News, shprehet se gjat\u00eb k\u00ebtyre dit\u00ebve pritet q\u00eb t\u00eb kemi temperatura t\u00eb larta q\u00eb shkojn\u00eb deri n\u00eb 29 grad\u00eb Celsius.<\/p>\n\n\n\n<p>Sipas tij, do t\u00eb kemi vran\u00ebsira, reshje, intervale t\u00eb gjata me kthjellime dhe rritje temperaturash, t\u00eb gjitha do i p\u00ebrjetojm\u00eb brenda k\u00ebsaj fundjave.<\/p>\n\n\n\n<h3 class=\"wp-block-heading\"><\/h3>\n\n\n\n<p><strong>Hakil Osmani:<\/strong>&nbsp;\u201c<em>Vendi yn\u00eb dit\u00ebn e sotme mbetet n\u00ebn mbizot\u00ebrimin e vran\u00ebsirave t\u00eb shpesha, t\u00eb cilat her\u00eb pas here parashikohet t\u00eb ken\u00eb zhvillimet e tyre. M\u00eb t\u00eb dukshme do t\u00eb jen\u00eb n\u00eb pjes\u00ebn e dyt\u00eb t\u00eb dit\u00ebs duke b\u00ebr\u00eb q\u00eb t\u00eb kemi edhe mund\u00ebsira p\u00ebr reshje shiu. N\u00eb pjes\u00ebn Lindore do t\u00eb ken\u00eb m\u00eb t\u00eb dukshme, por edhe n\u00eb Ult\u00ebsir\u00ebn Per\u00ebndimore do i kemi prezente reshjet n\u00eb sasira m\u00eb t\u00eb pak\u00ebta. N\u00eb mbr\u00ebmje kemi p\u00ebrmir\u00ebsim gradual t\u00eb kushteve t\u00eb motit.<\/em><\/p>\n\n\n\n<p><em>Do t\u00eb kemi mot t\u00eb q\u00ebndruesh\u00ebm n\u00eb or\u00ebt e para m\u00ebngjesit t\u00eb dit\u00ebs s\u00eb shtun\u00eb duke b\u00ebr\u00eb q\u00eb t\u00eb ket\u00eb intervale t\u00eb gjata me kthjellime, kalime t\u00eb pak\u00ebta t\u00eb vran\u00ebsirave gjat\u00eb paradites, pasditja i b\u00ebn vran\u00ebsirat disi m\u00eb t\u00eb shpeshta duke krijuar mund\u00ebsira t\u00eb izoluara dhe t\u00eb pak\u00ebta shiu n\u00eb zonat lindore, nd\u00ebrsa ult\u00ebsira per\u00ebndimore mbetet n\u00ebn mbizot\u00ebrimin e motit t\u00eb q\u00ebndruesh\u00ebm n\u00eb pjes\u00ebn m\u00eb t\u00eb madhe t\u00eb saj,.<\/em><\/p>\n\n\n\n<p><em>Dita e diel sjell mbizot\u00ebrim t\u00eb kthjellimeve. Dielli do t\u00eb jet\u00eb prezent n\u00eb pjes\u00ebn e par\u00eb t\u00eb dit\u00ebs dhe m\u00eb t\u00eb dukshme do t\u00eb jen\u00eb n\u00eb vij\u00ebn bregdetare, nd\u00ebrsa pjesa tjet\u00ebr e territorit do t\u00eb ket\u00eb kalime t\u00eb pak\u00ebta t\u00eb vran\u00ebsirave, gjat\u00eb or\u00ebve t\u00eb pasdite pritet q\u00eb vran\u00ebsirat t\u00eb b\u00ebhen m\u00eb t\u00eb dukshme n\u00eb zonat juglindore duke krijuar dhe mund\u00ebsira p\u00ebr momente t\u00eb pak\u00ebta me pika shiu.<\/em><\/p>\n\n\n\n<p><em>Temperaturat e ajrit nga dita e sotme do t\u00eb jen\u00eb t\u00eb larta duke b\u00ebr\u00eb q\u00eb maksimumet t\u00eb jen\u00eb n\u00eb vler\u00ebn 29 grad\u00eb Celsius n\u00eb qytetet e zon\u00ebs s\u00eb ul\u00ebt. Regjistrohen n\u00eb qarkun e Elbasanit, Beratit, Tiran\u00ebs, Gjirokastr\u00ebs dhe Shkodr\u00ebs. Por jo vet\u00ebm dit\u00ebn e sotme do t\u00eb kemi temperatura t\u00eb larta. Edhe gjat\u00eb fundjav\u00ebs kemi maksimumet n\u00eb qytetet e ult\u00ebsir\u00ebs per\u00ebndimore do t\u00eb jen\u00eb n\u00eb vler\u00ebn 28 apo 29 grad\u00eb Celsius n\u00eb or\u00ebt e mesdit\u00ebs. Kemi nj\u00eb rritje t\u00eb leht\u00eb t\u00eb temperaturave t\u00eb ajrit n\u00eb or\u00ebt e para t\u00eb m\u00ebngjesit\u201d.<\/em><\/p>\n\n<div style=\"font-size: 0px; height: 0px; line-height: 0px; margin: 0; padding: 0; clear: both;\"><\/div>","protected":false},"excerpt":{"rendered":"<p>Sinoptikani i njohur Hakil Osmani nga \u201cMeteoAlb\u201d, n\u00eb nj\u00eb lidhje direkte p\u00ebr Klan News, shprehet se gjat\u00eb k\u00ebtyre dit\u00ebve pritet q\u00eb t\u00eb kemi temperatura t\u00eb larta q\u00eb&#8230; <\/p>\n","protected":false},"author":1,"featured_media":21076,"comment_status":"open","ping_status":"open","sticky":false,"template":"","format":"standard","meta":{"footnotes":""},"categories":[6],"tags":[],"class_list":["post-21074","post","type-post","status-publish","format-standard","has-post-thumbnail","hentry","category-lajme"],"_links":{"self":[{"href":"https:\/\/new.findnews5.com\/index.php?rest_route=\/wp\/v2\/posts\/21074","targetHints":{"allow":["GET"]}}],"collection":[{"href":"https:\/\/new.findnews5.com\/index.php?rest_route=\/wp\/v2\/posts"}],"about":[{"href":"https:\/\/new.findnews5.com\/index.php?rest_route=\/wp\/v2\/types\/post"}],"author":[{"embeddable":true,"href":"https:\/\/new.findnews5.com\/index.php?rest_route=\/wp\/v2\/users\/1"}],"replies":[{"embeddable":true,"href":"https:\/\/new.findnews5.com\/index.php?rest_route=%2Fwp%2Fv2%2Fcomments&post=21074"}],"version-history":[{"count":0,"href":"https:\/\/new.findnews5.com\/index.php?rest_route=\/wp\/v2\/posts\/21074\/revisions"}],"wp:featuredmedia":[{"embeddable":true,"href":"https:\/\/new.findnews5.com\/index.php?rest_route=\/wp\/v2\/media\/21076"}],"wp:attachment":[{"href":"https:\/\/new.findnews5.com\/index.php?rest_route=%2Fwp%2Fv2%2Fmedia&parent=21074"}],"wp:term":[{"taxonomy":"category","embeddable":true,"href":"https:\/\/new.findnews5.com\/index.php?rest_route=%2Fwp%2Fv2%2Fcategories&post=21074"},{"taxonomy":"post_tag","embeddable":true,"href":"https:\/\/new.findnews5.com\/index.php?rest_route=%2Fwp%2Fv2%2Ftags&post=21074"}],"curies":[{"name":"wp","href":"https:\/\/api.w.org\/{rel}","templated":true}]}}