{"id":21050,"date":"2024-09-20T07:32:36","date_gmt":"2024-09-20T07:32:36","guid":{"rendered":"https:\/\/new.findnews5.com\/?p=21050"},"modified":"2024-09-20T07:32:38","modified_gmt":"2024-09-20T07:32:38","slug":"skandali-ne-lushnje-gruaja-tregon-vendin-brenda-kishes-ku-bente-dashuri-me-priftin","status":"publish","type":"post","link":"https:\/\/new.findnews5.com\/?p=21050","title":{"rendered":"Skandali n\u00eb Lushnje\/ Gruaja tregon vendin brenda kish\u00ebs ku b\u00ebnte dashuri me priftin"},"content":{"rendered":"<div class=\"78954ae5fa42b68c1393fe3da4998882\" data-index=\"1\" style=\"float: none; margin:0px 0 0px 0; text-align:center;\">\n<div data-type=\"_mgwidget\" data-widget-id=\"1576712\">\r\n<\/div>\r\n<script>(function(w,q){w[q]=w[q]||[];w[q].push([\"_mgc.load\"])})(window,\"_mgq\");\r\n<\/script>\r\n\n<\/div>\n\n<p>Pas denoncimit q\u00eb Fiks Fare b\u00ebri vet\u00ebm dy dit\u00eb m\u00eb par\u00eb , ku prifti i Kish\u00ebs Orthodhokse \u201d Sh\u00ebn Gjergji dhe Sh\u00ebn e Premte\u201d n\u00eb Lushnje u denoncua nga ish e dashura e tij 5 vje\u00e7are se kan\u00eb kryer marr\u00ebdh\u00ebnie seksuale n\u00eb kish\u00eb, t\u00eb tjera fakte dalin n\u00eb drit\u00eb.<\/p>\n\n\n\n<p>Fiks Fare nxori prova t\u00eb reja nga lidhja 5 vje\u00e7are e priftit Ko\u00e7i me zonj\u00ebn Pranvera, p\u00ebrve\u00e7 fotove intime q\u00eb ishin shk\u00ebputur nga videot online q\u00eb t\u00eb dy kishin bashk\u00eb.<\/p>\n\n\n\n<p>Pranvera tregon me detaje t\u00eb holl\u00ebsishme dhom\u00ebn e rinis\u00eb, aty ku tha se kishin kryer marr\u00ebdh\u00ebnie seksuale me priftin Ko\u00e7i. Nj\u00eb p\u00ebrshkrim se ku ishin t\u00eb vendosura mobiljet e gjith\u00e7ka tjet\u00ebr n\u00eb dhom\u00eb, at\u00eb q\u00eb nj\u00eb besimtar i thjesht dhe frekuentues i kish\u00ebs nuk e di. N\u00eb zyr\u00ebn e rinis\u00eb Pranvera tregon se kishte nj\u00eb tavolin\u00eb pune, nj\u00eb divan dysh dhe nj\u00eb kolltuk, nd\u00ebrsa n\u00eb t\u00eb djatht\u00eb ishte banja. Kjo dhom\u00eb p\u00ebrdorej vet\u00ebm nga klerik\u00ebt, jo nga besimtar\u00ebt e thjesht\u00eb. Fakt tjet\u00ebr q\u00eb ajo sjell \u00ebsht\u00eb l\u00ebvizja e \u00e7iftit me mjetin e kish\u00ebs. \u201d Ne l\u00ebviznim kur shkonim n\u00ebp\u00ebr hotele me makin\u00ebn e kish\u00ebs dhe shoferin e saj i cili quhet A\u2026. \u201d shprehet Pranvera.<\/p>\n\n\n\n<p>Edhe n\u00eb ballafaqimet q\u00eb Pranvera dhe Fikis kishin me priftin Arkip Ko\u00e7i ai asnj\u00ebher\u00eb nuk mohoi se n\u00eb videot intime nuk ishte fytyra e tij. Thjesht ai aludoi se mund t\u2019i ishte marr\u00eb fotoja nga ndonj\u00eb mesh\u00eb apo ndonj\u00eb vend publik dhe t\u00eb ishte v\u00ebn\u00eb n\u00eb video p\u00ebr ta d\u00ebmtuar. Gjith\u00eb k\u00ebtyre i shtohen edhe mesazhet q\u00eb Pranvera ka marr\u00eb nga familjar\u00ebt e priftit Ko\u00e7i t\u00eb cil\u00ebt i k\u00ebrkojn\u00eb q\u00eb t\u00eb ndahet nga ai.<\/p>\n\n\n\n<p>Para se t\u00eb ankoheshin n\u00eb Fiks Fare, Pranvera bashk\u00eb me ish bashk\u00ebshortin e saj ishin ankuar n\u00eb Mitropolin\u00eb Berat p\u00ebr sjelljet e priftit n\u00eb mbientet e kish\u00ebs dhe shkeljen e kuror\u00ebs, por q\u00eb nuk ishin marr\u00eb parasysh. Pas transmetimit n\u00eb Fiks Fare Mitropolia e Beratit del me nj\u00eb reagim ku pezullon priftin . N\u00eb t\u00eb thuhet \u201cN\u00eb vijim t\u00eb deklarat\u00ebs t\u00eb dit\u00ebs s\u00eb djeshme, dat\u00eb 18.09.2024, lidhur me \u00e7\u00ebshtjen e priftit t\u00eb Lushnjes, Mitropolia Shenjt\u00eb e Beratit ka vendosur pezullimin nga funksioni prift\u00ebror, priftin e Lushnjes deri n\u00eb shqyrtimin p\u00ebrfundimtar sipas rregullave kanonike t\u00eb Kish\u00ebs Orthodhokse. Ritheksojm\u00eb se Kisha Orthodokse Autoqefale e Shqip\u00ebris\u00eb nuk pajtohet me asnj\u00eb rast kur nj\u00eb klerik i saj b\u00ebn shkelje t\u00eb betimit kanonik. Nga Zyra e Mitropolis\u00eb s\u00eb Shenjt\u00eb t\u00eb Beratit, 19\/09\/2024\u201d.<\/p>\n\n\n\n<p>Deklarat\u00eb kjo e cila bie ndesh me at\u00eb q\u00eb po kjo Mitropoli b\u00ebri nj\u00eb dit\u00eb m\u00eb par\u00eb, ku thuhej se nga provat q\u00eb kishte dhe rr\u00ebfimi i priftit Gjykata Shpirt\u00ebrore kishte dal\u00eb n\u00eb p\u00ebrfundimin q\u00eb faktet e paraqitura nuk provonin marr\u00ebdh\u00ebnien jasht\u00ebmartesore t\u00eb priftit. Madje asokohe prifti \u00ebsht\u00eb pezulluar vet\u00ebm me nj\u00eb muaj mos ushtrimi t\u00eb funksionit p\u00ebr arsyen se nuk kishte ngritur padi kund\u00ebr Pranver\u00ebs p\u00ebr shpifje.<\/p>\n\n\n\n<p>N\u00eb reagimin e dt 19 shtator Mitropolia Berat k\u00ebrkon q\u00eb t\u2019i vihen n\u00eb dispozicion faktet dhe provat q\u00eb Fiks Fare ka siguruar p\u00ebr t\u00eb shqyrtuar dhe marr\u00eb vendimin kanonik mbi k\u00ebt\u00eb \u00e7\u00ebshtje. Fakte dhe prova q\u00eb shum\u00eb mir\u00eb mund t\u2019i kishin siguruar n\u00ebse p\u00ebrve\u00e7 rr\u00ebfimit t\u00eb priftit do kishin marr\u00eb edhe pal\u00ebn ankuese, pra Pranver\u00ebn.<\/p>\n\n\n\n<p>Gjithashtu \u00e7\u00ebshtja u trajtua edhe n\u00eb emisionin \u201d Shqip\u00ebria Live\u201d n\u00eb Top Channel ku teologu Miron \u00c7ako mbron priftin q\u00eb ka shkelur kuror\u00ebn dhe shprehet se faktet e transmetuara n\u00eb Fiks Fare nuk provojn\u00eb asgj\u00eb. Nd\u00ebrkoh\u00eb q\u00eb p\u00ebr pjestar\u00ebt e tjet\u00ebr t\u00eb nderuar t\u00eb panelit , faktet jan\u00eb m\u00ebse t\u00eb qarta.\/TCH<\/p>\n\n<div style=\"font-size: 0px; height: 0px; line-height: 0px; margin: 0; padding: 0; clear: both;\"><\/div>","protected":false},"excerpt":{"rendered":"<p>Pas denoncimit q\u00eb Fiks Fare b\u00ebri vet\u00ebm dy dit\u00eb m\u00eb par\u00eb , ku prifti i Kish\u00ebs Orthodhokse \u201d Sh\u00ebn Gjergji dhe Sh\u00ebn e Premte\u201d n\u00eb Lushnje u&#8230; <\/p>\n","protected":false},"author":1,"featured_media":21051,"comment_status":"open","ping_status":"open","sticky":false,"template":"","format":"standard","meta":{"footnotes":""},"categories":[6],"tags":[],"class_list":["post-21050","post","type-post","status-publish","format-standard","has-post-thumbnail","hentry","category-lajme"],"_links":{"self":[{"href":"https:\/\/new.findnews5.com\/index.php?rest_route=\/wp\/v2\/posts\/21050","targetHints":{"allow":["GET"]}}],"collection":[{"href":"https:\/\/new.findnews5.com\/index.php?rest_route=\/wp\/v2\/posts"}],"about":[{"href":"https:\/\/new.findnews5.com\/index.php?rest_route=\/wp\/v2\/types\/post"}],"author":[{"embeddable":true,"href":"https:\/\/new.findnews5.com\/index.php?rest_route=\/wp\/v2\/users\/1"}],"replies":[{"embeddable":true,"href":"https:\/\/new.findnews5.com\/index.php?rest_route=%2Fwp%2Fv2%2Fcomments&post=21050"}],"version-history":[{"count":0,"href":"https:\/\/new.findnews5.com\/index.php?rest_route=\/wp\/v2\/posts\/21050\/revisions"}],"wp:featuredmedia":[{"embeddable":true,"href":"https:\/\/new.findnews5.com\/index.php?rest_route=\/wp\/v2\/media\/21051"}],"wp:attachment":[{"href":"https:\/\/new.findnews5.com\/index.php?rest_route=%2Fwp%2Fv2%2Fmedia&parent=21050"}],"wp:term":[{"taxonomy":"category","embeddable":true,"href":"https:\/\/new.findnews5.com\/index.php?rest_route=%2Fwp%2Fv2%2Fcategories&post=21050"},{"taxonomy":"post_tag","embeddable":true,"href":"https:\/\/new.findnews5.com\/index.php?rest_route=%2Fwp%2Fv2%2Ftags&post=21050"}],"curies":[{"name":"wp","href":"https:\/\/api.w.org\/{rel}","templated":true}]}}