{"id":21047,"date":"2024-09-20T07:29:02","date_gmt":"2024-09-20T07:29:02","guid":{"rendered":"https:\/\/new.findnews5.com\/?p=21047"},"modified":"2024-09-20T07:29:04","modified_gmt":"2024-09-20T07:29:04","slug":"kemi-bere-sks-ne-kishe-me-ndau-nga-familja-ish-e-dashura-akuzon-priftin-ne-lushnje-me-dhuroi-unazen-e-te-emes-kam-foto-intime-me-te","status":"publish","type":"post","link":"https:\/\/new.findnews5.com\/?p=21047","title":{"rendered":"\u201cKemi b\u00ebr\u00eb s*ks n\u00eb kish\u00eb, m\u00eb ndau nga familja\u201d, ish-e dashura akuzon priftin n\u00eb Lushnj\u00eb: M\u00eb dhuroi unaz\u00ebn e t\u00eb \u00ebm\u00ebs! Kam foto intime me t\u00eb"},"content":{"rendered":"<div class=\"78954ae5fa42b68c1393fe3da4998882\" data-index=\"1\" style=\"float: none; margin:0px 0 0px 0; text-align:center;\">\n<div data-type=\"_mgwidget\" data-widget-id=\"1576712\">\r\n<\/div>\r\n<script>(function(w,q){w[q]=w[q]||[];w[q].push([\"_mgc.load\"])})(window,\"_mgq\");\r\n<\/script>\r\n\n<\/div>\n\n<p>N\u00eb emisionin Fiks Fare mb\u00ebrrin nj\u00eb denoncim nga zonja Pranvera e cila akuzon p\u00ebr mashtrim priftin Arkip Ko\u00e7i. Sipas saj ajo ka patur nj\u00eb lidhje jasht\u00ebmartesore me priftin prej 5 vitesh, por q\u00eb tani e ka nd\u00ebrprer\u00eb.<\/p>\n\n\n\n<p>Ajo e akuzon se e ka mashtruar duke i premtuar se do t\u00eb jetonin bashk\u00eb dhe si rezultat ajo ka prishur familjen e saj duke u ndar\u00eb nga burri dhe f\u00ebmij\u00ebt.<\/p>\n\n\n\n<p>\u201cM\u00eb premtoi se do jetonte me mua, madje m\u00eb ka dhuruar edhe unaz\u00ebn e mamas\u00eb s\u00eb tij. Disa her\u00eb kemi kryer marr\u00ebdh\u00ebnie seksuale edhe brenda n\u00eb kish\u00eb n\u00eb dhom\u00ebn e rinis\u00eb dhe ai ka qen\u00eb me rrobat e priftit\u201d, tregon Pranvera.<\/p>\n\n\n\n<p>Pranver\u00ebn gjat\u00eb denoncimit t\u00eb saj e shoq\u00ebronte edhe ish-bashk\u00ebshorti i cili e njeh Arben Ko\u00e7in ose si\u00e7 njihet me emrin e pag\u00ebzimit Arkip Ko\u00e7i.<\/p>\n\n\n\n<p>\u201cNuk e kisha kuptuar lidhjen e tyre, por shihja q\u00eb Pranvera gjente \u00e7do lloj justifikimi t\u00eb mundsh\u00ebm q\u00eb t\u00eb shkonte n\u00eb Lushnje\u201d, tregon ai.<\/p>\n\n\n\n<p>Arkip Ko\u00e7i \u00ebsht\u00eb prift n\u00eb Kish\u00ebn Orthodhokse \u201cSh\u00ebn Gjergji dhe Sh\u00ebn e Premte\u201d n\u00eb Lushnje. Vend t\u00eb cilin Pranvera e p\u00ebrmend q\u00eb \u00ebsht\u00eb p\u00ebrdhosur nga figura e priftit, pasi brenda n\u00eb kish\u00eb kan\u00eb kryer marr\u00ebdh\u00ebnie seksuale.<\/p>\n\n\n\n<p>Po si nisi historia e tyre?<\/p>\n\n\n\n<p>\u201cUn\u00eb e njoh Arbenin q\u00eb vajz\u00eb e re dhe kemi pasur nj\u00eb lidhje n\u00eb at\u00eb koh\u00eb, por m\u00eb pas rrug\u00ebt tona u ndan\u00eb dhe ne nd\u00ebrtuam jet\u00eb dhe familje secili m\u00eb vet\u00eb. Pas shum\u00eb koh\u00ebsh rikthehem n\u00eb kish\u00ebn n\u00eb Lushnje se do pag\u00ebzoja nipin dhe e ritakoj aty. Q\u00eb asaj dite ne kemi komunikuar rregullisht filluam dhe historin\u00eb ton\u00eb t\u00eb dashuris\u00eb q\u00eb zgjati 5 vjet. Ai m\u00eb premtoi se do t\u00eb jetonte me mua thjesht po priste sa t\u00eb rregullonte edhe djalin n\u00eb shkoll\u00eb\u201d, tregon Pranvera.<\/p>\n\n\n\n<p>Nd\u00ebrkoh\u00eb ish-bashk\u00ebshorti i saj tregon se ajo mundohej gjat\u00eb k\u00ebsaj kohe t\u00eb organizonte shum\u00eb dreka darka familjare ku ishte i pranish\u00ebm prifti dhe se shpesh i thoshte se po komunikonte n\u00eb internet me t\u00eb, por q\u00eb e kishte vet\u00ebm shok.<\/p>\n\n\n\n<p>Edhe pse m\u00eb von\u00eb familjet respektive e kishin zbuluar lidhjen e fsheht\u00eb t\u00eb priftit me Pranver\u00ebn dhe aty filluan edhe k\u00ebrc\u00ebnimet sipas denoncueses.<\/p>\n\n\n\n<p>\u201cFamiljet tona e mor\u00ebn vesh, madje gruaja e atij dhe f\u00ebmij\u00ebt m\u00eb shkruanin mesazhe k\u00ebrc\u00ebnuese q\u00eb ndahuni , por ne nuk u ndam\u00eb\u201d, tregon Pranvera.<\/p>\n\n\n\n<p>Zonja vuri n\u00eb dispozicion t\u00eb Fiksit disa foto intime t\u00eb sajat. K\u00ebto foto jan\u00eb shk\u00ebputur nga momente t\u00eb marr\u00ebdh\u00ebnies s\u00eb tyre intime n\u00eb disa video live me priftin Arkip Ko\u00e7i.<\/p>\n\n\n\n<p>Fiksi iu drejtua kish\u00ebn n\u00eb Lushnje ku gjeti priftin Arkip Ko\u00e7i. Bashk\u00eb me Pranver\u00ebn ata pat\u00ebn nj\u00eb ballafaqim ku denoncuesja i p\u00ebrmendi \u00e7do gj\u00eb t\u00eb historis\u00eb s\u00eb tyre, por edhe marr\u00ebdh\u00ebniet seksuale q\u00eb kishin patur n\u00eb sht\u00ebpin\u00eb e Zotit.<\/p>\n\n\n\n<p>rifti Ko\u00e7i mohoi gjith\u00e7ka dhe tha se e ka vet\u00ebm shoqe asgj\u00eb m\u00eb shum\u00eb. I v\u00ebn\u00eb p\u00ebrball fotove seksuale q\u00eb Pranvera i vuri n\u00eb dispozicion Fiksit, prifti u justifikua se ato ishin fotomontazh.<\/p>\n\n\n\n<p>\u201cI ka marr\u00eb fotot nga meshat q\u00eb un\u00eb kryej dhe i ka v\u00ebn\u00eb me at\u00eb p\u00ebrmbajtje intime\u201d, shprehet prifti. Nd\u00ebrsa p\u00ebr mesazhet q\u00eb i kishin d\u00ebrguar familjar\u00ebt e tij Pranver\u00ebs n\u00eb Facebook duke e k\u00ebrc\u00ebnuar at\u00eb t\u00eb largohej prej priftit, nuk dha asnj\u00eb p\u00ebrgjigje.<\/p>\n\n\n\n<p>Pranvera pohoi p\u00ebr Fiksin se kishte denoncuar marr\u00ebdh\u00ebnien e saj me priftin edhe n\u00eb Mitropolin\u00eb e Fieri, por q\u00eb nuk kishin marr\u00eb asnj\u00eb p\u00ebrgjigje.<\/p>\n\n\n\n<p>Fiksi kontaktoi me Mitropolin\u00eb e Fierit ku imzot Nikolla Hyka tha se e kan\u00eb kan\u00eb pezulluar nga puna priftin Arkip Ko\u00e7i.\/TCH<\/p>\n\n<div style=\"font-size: 0px; height: 0px; line-height: 0px; margin: 0; padding: 0; clear: both;\"><\/div>","protected":false},"excerpt":{"rendered":"<p>N\u00eb emisionin Fiks Fare mb\u00ebrrin nj\u00eb denoncim nga zonja Pranvera e cila akuzon p\u00ebr mashtrim priftin Arkip Ko\u00e7i. Sipas saj ajo ka patur nj\u00eb lidhje jasht\u00ebmartesore me&#8230; <\/p>\n","protected":false},"author":1,"featured_media":21048,"comment_status":"open","ping_status":"open","sticky":false,"template":"","format":"standard","meta":{"footnotes":""},"categories":[6],"tags":[],"class_list":["post-21047","post","type-post","status-publish","format-standard","has-post-thumbnail","hentry","category-lajme"],"_links":{"self":[{"href":"https:\/\/new.findnews5.com\/index.php?rest_route=\/wp\/v2\/posts\/21047","targetHints":{"allow":["GET"]}}],"collection":[{"href":"https:\/\/new.findnews5.com\/index.php?rest_route=\/wp\/v2\/posts"}],"about":[{"href":"https:\/\/new.findnews5.com\/index.php?rest_route=\/wp\/v2\/types\/post"}],"author":[{"embeddable":true,"href":"https:\/\/new.findnews5.com\/index.php?rest_route=\/wp\/v2\/users\/1"}],"replies":[{"embeddable":true,"href":"https:\/\/new.findnews5.com\/index.php?rest_route=%2Fwp%2Fv2%2Fcomments&post=21047"}],"version-history":[{"count":0,"href":"https:\/\/new.findnews5.com\/index.php?rest_route=\/wp\/v2\/posts\/21047\/revisions"}],"wp:featuredmedia":[{"embeddable":true,"href":"https:\/\/new.findnews5.com\/index.php?rest_route=\/wp\/v2\/media\/21048"}],"wp:attachment":[{"href":"https:\/\/new.findnews5.com\/index.php?rest_route=%2Fwp%2Fv2%2Fmedia&parent=21047"}],"wp:term":[{"taxonomy":"category","embeddable":true,"href":"https:\/\/new.findnews5.com\/index.php?rest_route=%2Fwp%2Fv2%2Fcategories&post=21047"},{"taxonomy":"post_tag","embeddable":true,"href":"https:\/\/new.findnews5.com\/index.php?rest_route=%2Fwp%2Fv2%2Ftags&post=21047"}],"curies":[{"name":"wp","href":"https:\/\/api.w.org\/{rel}","templated":true}]}}