{"id":21044,"date":"2024-09-20T07:27:02","date_gmt":"2024-09-20T07:27:02","guid":{"rendered":"https:\/\/new.findnews5.com\/?p=21044"},"modified":"2024-09-20T07:27:04","modified_gmt":"2024-09-20T07:27:04","slug":"cocaj-nga-levizja-e-decanit-kemi-pasur-ide-te-formojme-fene-e-shqiptarit-shqiptaria","status":"publish","type":"post","link":"https:\/\/new.findnews5.com\/?p=21044","title":{"rendered":"\u00c7o\u00e7aj nga L\u00ebvizja e De\u00e7anit: Kemi pasur ide t\u00eb formojm\u00eb fen\u00eb e shqiptarit \u201cShqiptaria\u201d"},"content":{"rendered":"<div class=\"78954ae5fa42b68c1393fe3da4998882\" data-index=\"1\" style=\"float: none; margin:0px 0 0px 0; text-align:center;\">\n<div data-type=\"_mgwidget\" data-widget-id=\"1576712\">\r\n<\/div>\r\n<script>(function(w,q){w[q]=w[q]||[];w[q].push([\"_mgc.load\"])})(window,\"_mgq\");\r\n<\/script>\r\n\n<\/div>\n<p> Enver \u00c7o\u00e7aj nga L\u00ebvizja e De\u00e7anit n\u00eb emisionin \u201cKosova Today\u201d n\u00eb Klan Kosova tha se kan\u00eb pasur ide q\u00eb t\u00eb krijojn\u00eb nj\u00eb fe t\u00eb re. Ajo \u00ebsht\u00eb shprehur se ideja e tyre fillimisht ka qen\u00eb q\u00eb t\u00eb formojn\u00eb, si\u00e7 u shpreh ai, fen\u00eb shqiptarit \u201cShqiptaria\u201d, p\u00ebrcjell Klankosova.tv.<\/p>\n<p>\u201cUn\u00eb jam n\u00eb kryesi t\u00eb L\u00ebvizjes s\u00eb De\u00e7anit, ne jemi n\u00ebnt\u00eb an\u00ebtar\u00eb, organizat\u00eb joqeveritare, me deklarat\u00ebn q\u00eb t\u00eb gjith\u00eb e dim\u00eb \u201clargohemi nga islami\u201d.<\/p>\n<p>\u201cNe e pat\u00ebm iden me e formu fen\u00eb e shqiptarit \u201cShqiptaria\u201d, mir\u00ebpo n\u00eb instanca duke pyetur than\u00eb nuk ekziston ajo fe\u201d, \u00ebsht\u00eb shprehur ai.<\/p>\n<p><iframe loading=\"lazy\" width=\"560\" height=\"315\" src=\"https:\/\/www.youtube.com\/embed\/7U1Vr70icMI?si=LoBb8VzNsMPip7dI\" title=\"YouTube video player\" frameborder=\"0\" allow=\"accelerometer; autoplay; clipboard-write; encrypted-media; gyroscope; picture-in-picture; web-share\" referrerpolicy=\"strict-origin-when-cross-origin\" allowfullscreen><\/iframe><\/p>\n\n<div style=\"font-size: 0px; height: 0px; line-height: 0px; margin: 0; padding: 0; clear: both;\"><\/div>","protected":false},"excerpt":{"rendered":"<p>Enver \u00c7o\u00e7aj nga L\u00ebvizja e De\u00e7anit n\u00eb emisionin \u201cKosova Today\u201d n\u00eb Klan Kosova tha se kan\u00eb pasur ide q\u00eb t\u00eb krijojn\u00eb nj\u00eb fe t\u00eb re. Ajo \u00ebsht\u00eb&#8230; <\/p>\n","protected":false},"author":1,"featured_media":21045,"comment_status":"open","ping_status":"open","sticky":false,"template":"","format":"standard","meta":{"footnotes":""},"categories":[6],"tags":[],"class_list":["post-21044","post","type-post","status-publish","format-standard","has-post-thumbnail","hentry","category-lajme"],"_links":{"self":[{"href":"https:\/\/new.findnews5.com\/index.php?rest_route=\/wp\/v2\/posts\/21044","targetHints":{"allow":["GET"]}}],"collection":[{"href":"https:\/\/new.findnews5.com\/index.php?rest_route=\/wp\/v2\/posts"}],"about":[{"href":"https:\/\/new.findnews5.com\/index.php?rest_route=\/wp\/v2\/types\/post"}],"author":[{"embeddable":true,"href":"https:\/\/new.findnews5.com\/index.php?rest_route=\/wp\/v2\/users\/1"}],"replies":[{"embeddable":true,"href":"https:\/\/new.findnews5.com\/index.php?rest_route=%2Fwp%2Fv2%2Fcomments&post=21044"}],"version-history":[{"count":0,"href":"https:\/\/new.findnews5.com\/index.php?rest_route=\/wp\/v2\/posts\/21044\/revisions"}],"wp:featuredmedia":[{"embeddable":true,"href":"https:\/\/new.findnews5.com\/index.php?rest_route=\/wp\/v2\/media\/21045"}],"wp:attachment":[{"href":"https:\/\/new.findnews5.com\/index.php?rest_route=%2Fwp%2Fv2%2Fmedia&parent=21044"}],"wp:term":[{"taxonomy":"category","embeddable":true,"href":"https:\/\/new.findnews5.com\/index.php?rest_route=%2Fwp%2Fv2%2Fcategories&post=21044"},{"taxonomy":"post_tag","embeddable":true,"href":"https:\/\/new.findnews5.com\/index.php?rest_route=%2Fwp%2Fv2%2Ftags&post=21044"}],"curies":[{"name":"wp","href":"https:\/\/api.w.org\/{rel}","templated":true}]}}