{"id":20392,"date":"2024-09-01T08:27:55","date_gmt":"2024-09-01T08:27:55","guid":{"rendered":"https:\/\/new.findnews5.com\/?p=20392"},"modified":"2024-09-01T08:27:56","modified_gmt":"2024-09-01T08:27:56","slug":"shqipja-rrezikon-te-mos-jete-me-gjuhe-e-dyte-zyrtare-ne-maqedonine-e-veriut-gjykata-kushtetuese-do-te-vendose-ne-shtator","status":"publish","type":"post","link":"https:\/\/new.findnews5.com\/?p=20392","title":{"rendered":"Shqipja rrezikon t\u00eb mos jet\u00eb m\u00eb gjuh\u00eb e dyt\u00eb zyrtare n\u00eb Maqedonin\u00eb e Veriut? Gjykata Kushtetuese do t\u00eb vendos\u00eb n\u00eb shtator"},"content":{"rendered":"<div class=\"78954ae5fa42b68c1393fe3da4998882\" data-index=\"1\" style=\"float: none; margin:0px 0 0px 0; text-align:center;\">\n<div data-type=\"_mgwidget\" data-widget-id=\"1576712\">\r\n<\/div>\r\n<script>(function(w,q){w[q]=w[q]||[];w[q].push([\"_mgc.load\"])})(window,\"_mgq\");\r\n<\/script>\r\n\n<\/div>\n<p>Gjykata Kushtetuese n\u00eb Maqedoni do t\u00eb vendos\u00eb n\u00eb shtator n\u00ebse do ta l\u00ebr\u00eb n\u00eb fuqi apo do ta shfuqizoj\u00eb Ligjin p\u00ebr Gjuh\u00ebn. N\u00ebse do t\u00eb ndodh\u00eb kjo e dyta, gjuha shqipe nuk do t\u00eb jet\u00eb gjuh\u00eb e dyt\u00eb zyrtare n\u00eb Shkup.<\/p>\n<p>Kryetari i Gjykat\u00ebs Kushtetuese Darko Kostadinovski ka paralajm\u00ebruar iniciimin e nj\u00eb nisme kund\u00ebr gjuh\u00ebs shqipe. Ai tha se \u201cme ligjin p\u00ebr p\u00ebrdorimin e gjuh\u00ebve, politika ka krijuar nj\u00eb kaos juridik e q\u00eb rezultoi me kaos politik\u201d.<\/p>\n<p>\u201cMe ligjin p\u00ebr p\u00ebrdorimin e gjuh\u00ebve, politika ka krijuar nj\u00eb kaos juridik e q\u00eb rezultoi me kaos politik, mosbesim dhe dilemma\u201d, tha Kostadinovski. N\u00eb pritjet n\u00ebse Kushtetuesja do t\u00eb shfuqizoj\u00eb apo do ta l\u00eb n\u00eb zbatim ligjin p\u00ebr gjuh\u00ebt, Kostadinovski thot\u00eb se gjykata do t\u00eb sjell\u00eb vendim t\u00eb argumentuar dhe me baz\u00eb juridiko-kushtetuese.<\/p>\n<p>\u201cAjo q\u00eb \u00ebsht\u00eb e r\u00ebnd\u00ebsishme, \u00ebsht\u00eb t\u00eb shihen argumentet objektive n\u00eb vendimin cilido q\u00eb t\u00eb jet\u00eb, para se t\u00eb jepet \u00e7far\u00ebdo komenti. Vendimi i Gjykat\u00ebs duhet t\u00eb respektohet dhe pranohet si shprehje e pjekuris\u00eb t\u00eb politik\u00ebs dhe shoq\u00ebris\u00eb, vendimi t\u00eb jet\u00eb korniz\u00eb orientuese p\u00ebr veprim t\u00eb ligjv\u00ebn\u00ebsit\u201d, shtoi ai.<\/p>\n<p>Kostadinovski thekson se zbatimi i ligjit p\u00ebr gjuh\u00ebt po krijon probleme, duke mos cekur se \u00e7far\u00eb probleme, por duke aluduar n\u00eb v\u00ebrejtjet q\u00eb dol\u00ebn nga komisioni i Venecias. E p\u00ebr t\u00eb mos ndodhur kjo, nga 1 shtatori hyn n\u00eb fuqi akti i ri i gjykat\u00ebs, i cili parasheh afat kohor prej gjasht\u00eb muajsh p\u00ebr Qeverin\u00eb, q\u00eb t\u00eb p\u00ebrmir\u00ebsoj\u00eb ligjin p\u00ebr gjuh\u00ebt, respektivisht p\u00ebr t\u00eb larguar v\u00ebrejtjet dhe dilemat e konstatuara.<\/p>\n<p>Pas deklarat\u00ebs s\u00eb kreut t\u00eb Gjykat\u00ebs Kushtetuese, Kostadinovski, kan\u00eb ardhur edhe reagimet e faktorit politik shqiptar.<\/p>\n<p>Koalicioni VLEN, partit\u00eb shqiptare n\u00eb bashk\u00ebqeverisje me VMRO e kan\u00eb konsideruar nism\u00ebn p\u00ebr kontestimin e dygjuh\u00ebsis\u00eb si tentativ\u00eb p\u00ebr grusht shteti. Nj\u00eb reagim i fort\u00eb ka ardhur edhe nga Fronti Europian, koalicioni i partive shqiptare opozitare i p\u00ebrb\u00ebr\u00eb nga BDI dhe Aleanca p\u00ebr Shqiptar\u00ebt t\u00eb cil\u00ebt b\u00ebjn\u00eb thirrje t\u00eb mos preket gjuha shqipe.<\/p>\n<p>Nga ana tjet\u00ebr, Agjencia P\u00ebr zbatimin e Ligjit p\u00ebr Gjuh\u00ebt e pakicave ka deklaruar se \u201cnismat e k\u00ebtilla jan\u00eb kryek\u00ebput me karakter politik, nacionalist dhe antinjer\u00ebzor\u201d.<\/p>\n<p>\u201cGjuha shqipe u p\u00ebrket shqiptar\u00ebve dhe nuk rrezikon ask\u00ebnd. Tendenca p\u00ebr ta p\u00ebrjashtuar shqipen nga p\u00ebrdorimi zyrtar, \u00ebsht\u00eb ide e vjet\u00ebr e cila, si\u00e7 e dim\u00eb, ka prodhuar tensione dhe konflikte\u201d.<\/p>\n\n<div style=\"font-size: 0px; height: 0px; line-height: 0px; margin: 0; padding: 0; clear: both;\"><\/div>","protected":false},"excerpt":{"rendered":"<p>Gjykata Kushtetuese n\u00eb Maqedoni do t\u00eb vendos\u00eb n\u00eb shtator n\u00ebse do ta l\u00ebr\u00eb n\u00eb fuqi apo do ta shfuqizoj\u00eb Ligjin p\u00ebr Gjuh\u00ebn. N\u00ebse do t\u00eb ndodh\u00eb kjo&#8230; <\/p>\n","protected":false},"author":1,"featured_media":20393,"comment_status":"open","ping_status":"open","sticky":false,"template":"","format":"standard","meta":{"footnotes":""},"categories":[6],"tags":[],"class_list":["post-20392","post","type-post","status-publish","format-standard","has-post-thumbnail","hentry","category-lajme"],"_links":{"self":[{"href":"https:\/\/new.findnews5.com\/index.php?rest_route=\/wp\/v2\/posts\/20392","targetHints":{"allow":["GET"]}}],"collection":[{"href":"https:\/\/new.findnews5.com\/index.php?rest_route=\/wp\/v2\/posts"}],"about":[{"href":"https:\/\/new.findnews5.com\/index.php?rest_route=\/wp\/v2\/types\/post"}],"author":[{"embeddable":true,"href":"https:\/\/new.findnews5.com\/index.php?rest_route=\/wp\/v2\/users\/1"}],"replies":[{"embeddable":true,"href":"https:\/\/new.findnews5.com\/index.php?rest_route=%2Fwp%2Fv2%2Fcomments&post=20392"}],"version-history":[{"count":0,"href":"https:\/\/new.findnews5.com\/index.php?rest_route=\/wp\/v2\/posts\/20392\/revisions"}],"wp:featuredmedia":[{"embeddable":true,"href":"https:\/\/new.findnews5.com\/index.php?rest_route=\/wp\/v2\/media\/20393"}],"wp:attachment":[{"href":"https:\/\/new.findnews5.com\/index.php?rest_route=%2Fwp%2Fv2%2Fmedia&parent=20392"}],"wp:term":[{"taxonomy":"category","embeddable":true,"href":"https:\/\/new.findnews5.com\/index.php?rest_route=%2Fwp%2Fv2%2Fcategories&post=20392"},{"taxonomy":"post_tag","embeddable":true,"href":"https:\/\/new.findnews5.com\/index.php?rest_route=%2Fwp%2Fv2%2Ftags&post=20392"}],"curies":[{"name":"wp","href":"https:\/\/api.w.org\/{rel}","templated":true}]}}