{"id":20389,"date":"2024-09-01T08:25:56","date_gmt":"2024-09-01T08:25:56","guid":{"rendered":"https:\/\/new.findnews5.com\/?p=20389"},"modified":"2024-09-01T08:25:58","modified_gmt":"2024-09-01T08:25:58","slug":"aktorja-kosovare-kam-pershtypjen-qe-shqiptaret-e-shqiperise-sna-duan-aq-sa-i-duam-ne-ata","status":"publish","type":"post","link":"https:\/\/new.findnews5.com\/?p=20389","title":{"rendered":"Aktorja kosovare: Kam p\u00ebrshtypjen q\u00eb shqiptar\u00ebt e Shqip\u00ebris\u00eb s\u2019na duan aq sa i duam ne ata"},"content":{"rendered":"<div class=\"78954ae5fa42b68c1393fe3da4998882\" data-index=\"1\" style=\"float: none; margin:0px 0 0px 0; text-align:center;\">\n<div data-type=\"_mgwidget\" data-widget-id=\"1576712\">\r\n<\/div>\r\n<script>(function(w,q){w[q]=w[q]||[];w[q].push([\"_mgc.load\"])})(window,\"_mgq\");\r\n<\/script>\r\n\n<\/div>\n\n<p>Shengyl Ismaili i \u00ebsht\u00eb p\u00ebrgjigjur nj\u00eb pyetje lidhur me dallimet q\u00eb mund t\u00eb ket\u00eb mes shqiptar\u00ebve t\u00eb Kosov\u00ebs dhe atyre t\u00eb Shqip\u00ebris\u00eb, p\u00ebrcjell Reporteri.<\/p>\n\n\n\n<p>Sipas saj, s\u2019ka shum\u00eb dallimeve mes shqiptar\u00ebve t\u00eb Kosov\u00ebs dhe atyre t\u00eb Shqip\u00ebris\u00eb, por aktorja thot\u00eb se ka p\u00ebrshtypjen q\u00eb t\u00eb Kosov\u00ebs i duan m\u00eb shum\u00eb ata t\u00eb Shqip\u00ebris\u00eb.<\/p>\n\n\n\n<p><em>\u201cS\u2019mendoj q\u00eb kemi shum\u00eb dallime. Un\u00eb psh. e adhuroj t\u00eb folur\u00ebn shkodranqe. M\u00eb duket sikur Shqip\u00ebria shum\u00eb pak na kupton, e un\u00eb mendoj q\u00eb gjuha jon\u00eb \u00ebsht\u00eb shum\u00eb e past\u00ebr\u201d,<\/em>&nbsp;tha Ismaili.<\/p>\n\n\n\n<p><em>\u201cKaniher m\u00eb duket sikur na ju dojm\u00eb ma shum\u00eb juve, se ju neve. E kam par\u00eb sigurisht p\u00ebrderisa po flas. Kur vijn\u00eb k\u00ebtu nga Shqip\u00ebri, mikpritjen e kan\u00eb shum\u00eb lart, por e kam p\u00ebrshtypjen q\u00eb nuk na doni aq sa ju dojm\u00eb ne juve. S\u2019po flas p\u00ebr t\u00eb gjith\u00eb. Por mendoj q\u00eb ky \u00ebsht\u00eb dallimi mes neve. Mund ta kem gabim\u201d.<\/em><\/p>\n\n\n\n<p><em>\u201cShqiptar\u00ebt e Shqip\u00ebris\u00eb shpeshher\u00eb na p\u00ebrceptojn\u00eb neve si t\u00eb palexuesh\u00ebm, e kjo mka b\u00ebr\u00eb me mendu q\u00eb s\u2019na doni sa ne juve\u201d<\/em>, tha aktorja kosovare. \/Reporteri.net\/<\/p>\n\n<iframe loading=\"lazy\" src=\"https:\/\/www.facebook.com\/plugins\/video.php?href=https%3A%2F%2Fwww.facebook.com%2FT7plus%2Fvideos%2F1026826532262650%2F%3Fref%3Dembed_video&#038;show_text=0&#038;width=380\" width=\"380\" height=\"476\" style=\"border:none;overflow:hidden\" scrolling=\"no\" frameborder=\"0\" allowfullscreen=\"true\" allow=\"autoplay; clipboard-write; encrypted-media; picture-in-picture; web-share\" allowFullScreen=\"true\"><\/iframe>\n<div style=\"font-size: 0px; height: 0px; line-height: 0px; margin: 0; padding: 0; clear: both;\"><\/div>","protected":false},"excerpt":{"rendered":"<p>Shengyl Ismaili i \u00ebsht\u00eb p\u00ebrgjigjur nj\u00eb pyetje lidhur me dallimet q\u00eb mund t\u00eb ket\u00eb mes shqiptar\u00ebve t\u00eb Kosov\u00ebs dhe atyre t\u00eb Shqip\u00ebris\u00eb, p\u00ebrcjell Reporteri. Sipas saj, s\u2019ka&#8230; <\/p>\n","protected":false},"author":1,"featured_media":20390,"comment_status":"open","ping_status":"open","sticky":false,"template":"","format":"standard","meta":{"footnotes":""},"categories":[6],"tags":[],"class_list":["post-20389","post","type-post","status-publish","format-standard","has-post-thumbnail","hentry","category-lajme"],"_links":{"self":[{"href":"https:\/\/new.findnews5.com\/index.php?rest_route=\/wp\/v2\/posts\/20389","targetHints":{"allow":["GET"]}}],"collection":[{"href":"https:\/\/new.findnews5.com\/index.php?rest_route=\/wp\/v2\/posts"}],"about":[{"href":"https:\/\/new.findnews5.com\/index.php?rest_route=\/wp\/v2\/types\/post"}],"author":[{"embeddable":true,"href":"https:\/\/new.findnews5.com\/index.php?rest_route=\/wp\/v2\/users\/1"}],"replies":[{"embeddable":true,"href":"https:\/\/new.findnews5.com\/index.php?rest_route=%2Fwp%2Fv2%2Fcomments&post=20389"}],"version-history":[{"count":0,"href":"https:\/\/new.findnews5.com\/index.php?rest_route=\/wp\/v2\/posts\/20389\/revisions"}],"wp:featuredmedia":[{"embeddable":true,"href":"https:\/\/new.findnews5.com\/index.php?rest_route=\/wp\/v2\/media\/20390"}],"wp:attachment":[{"href":"https:\/\/new.findnews5.com\/index.php?rest_route=%2Fwp%2Fv2%2Fmedia&parent=20389"}],"wp:term":[{"taxonomy":"category","embeddable":true,"href":"https:\/\/new.findnews5.com\/index.php?rest_route=%2Fwp%2Fv2%2Fcategories&post=20389"},{"taxonomy":"post_tag","embeddable":true,"href":"https:\/\/new.findnews5.com\/index.php?rest_route=%2Fwp%2Fv2%2Ftags&post=20389"}],"curies":[{"name":"wp","href":"https:\/\/api.w.org\/{rel}","templated":true}]}}