{"id":20385,"date":"2024-08-31T21:02:33","date_gmt":"2024-08-31T21:02:33","guid":{"rendered":"https:\/\/new.findnews5.com\/?p=20385"},"modified":"2024-08-31T21:02:34","modified_gmt":"2024-08-31T21:02:34","slug":"drejtonte-makinen-pa-patente-babai-humb-kontrollin-nderron-jete-8-vjecarja-motra-dhe-nena-e-viktimes-dergohen-me-urgjence-ne-spital","status":"publish","type":"post","link":"https:\/\/new.findnews5.com\/?p=20385","title":{"rendered":"Drejtonte makin\u00ebn pa patent\u00eb\/ Babai humb kontrollin, nd\u00ebrron jet\u00eb 8-vje\u00e7arja, motra dhe n\u00ebna e viktim\u00ebs d\u00ebrgohen me urgjenc\u00eb n\u00eb spital"},"content":{"rendered":"<div class=\"78954ae5fa42b68c1393fe3da4998882\" data-index=\"1\" style=\"float: none; margin:0px 0 0px 0; text-align:center;\">\n<div data-type=\"_mgwidget\" data-widget-id=\"1576712\">\r\n<\/div>\r\n<script>(function(w,q){w[q]=w[q]||[];w[q].push([\"_mgc.load\"])})(window,\"_mgq\");\r\n<\/script>\r\n\n<\/div>\n\n<p>M\u00ebngjesin e sot\u00ebm, nj\u00eb aksident i r\u00ebnd\u00eb ka ndodhur n\u00eb Itali, n\u00eb via Domitiana n\u00eb zon\u00ebn Giugliano n\u00eb Campania.<\/p>\n\n\n\n<p>Automjeti me kat\u00ebr persona, prind\u00ebrit dhe dy vajzat, \u00ebsht\u00eb p\u00ebrmbysur.<\/p>\n\n\n\n<h3 class=\"wp-block-heading\"><\/h3>\n\n\n\n<p>Vajza e vog\u00ebl e \u00e7iftit, vet\u00ebm 8-vje\u00e7, ka nd\u00ebrruar jet\u00eb si pasoj\u00eb e p\u00ebrplasjes, nd\u00ebrkoh\u00eb q\u00eb vajza tjet\u00ebr, edhe ajo e mitur (16-vje\u00e7) \u00ebsht\u00eb n\u00eb spital ku po merr ndihm\u00ebn mjek\u00ebsore, p\u00ebr shkak t\u00eb frakturave t\u00eb marra.<\/p>\n\n\n\n<p>Shkak p\u00ebr ndarjen nga jeta t\u00eb vog\u00eblushes, duket se mund t\u00eb jet\u00eb edhe fakti q\u00eb ajo nuk ishte lidhur me rrip sigurimi, apo t\u00eb ishte vendosur n\u00eb ul\u00ebse t\u00eb posa\u00e7me p\u00ebr mosh\u00ebn e saj, por q\u00ebndronte n\u00eb krah\u00ebt e n\u00ebn\u00ebs.<\/p>\n\n\n\n<p>N\u00eb spital ndodhet edhe n\u00ebna e vajzave, nd\u00ebrsa babai ka shp\u00ebtuar me vet\u00ebm disa g\u00ebrvishtje.<\/p>\n\n\n\n<p>M\u00ebsohet se babai, i cili dhe drejtonte mjetin, nuk kishte patent\u00eb.<\/p>\n\n<div style=\"font-size: 0px; height: 0px; line-height: 0px; margin: 0; padding: 0; clear: both;\"><\/div>","protected":false},"excerpt":{"rendered":"<p>M\u00ebngjesin e sot\u00ebm, nj\u00eb aksident i r\u00ebnd\u00eb ka ndodhur n\u00eb Itali, n\u00eb via Domitiana n\u00eb zon\u00ebn Giugliano n\u00eb Campania. Automjeti me kat\u00ebr persona, prind\u00ebrit dhe dy vajzat,&#8230; <\/p>\n","protected":false},"author":1,"featured_media":20386,"comment_status":"open","ping_status":"open","sticky":false,"template":"","format":"standard","meta":{"footnotes":""},"categories":[6],"tags":[],"class_list":["post-20385","post","type-post","status-publish","format-standard","has-post-thumbnail","hentry","category-lajme"],"_links":{"self":[{"href":"https:\/\/new.findnews5.com\/index.php?rest_route=\/wp\/v2\/posts\/20385","targetHints":{"allow":["GET"]}}],"collection":[{"href":"https:\/\/new.findnews5.com\/index.php?rest_route=\/wp\/v2\/posts"}],"about":[{"href":"https:\/\/new.findnews5.com\/index.php?rest_route=\/wp\/v2\/types\/post"}],"author":[{"embeddable":true,"href":"https:\/\/new.findnews5.com\/index.php?rest_route=\/wp\/v2\/users\/1"}],"replies":[{"embeddable":true,"href":"https:\/\/new.findnews5.com\/index.php?rest_route=%2Fwp%2Fv2%2Fcomments&post=20385"}],"version-history":[{"count":0,"href":"https:\/\/new.findnews5.com\/index.php?rest_route=\/wp\/v2\/posts\/20385\/revisions"}],"wp:featuredmedia":[{"embeddable":true,"href":"https:\/\/new.findnews5.com\/index.php?rest_route=\/wp\/v2\/media\/20386"}],"wp:attachment":[{"href":"https:\/\/new.findnews5.com\/index.php?rest_route=%2Fwp%2Fv2%2Fmedia&parent=20385"}],"wp:term":[{"taxonomy":"category","embeddable":true,"href":"https:\/\/new.findnews5.com\/index.php?rest_route=%2Fwp%2Fv2%2Fcategories&post=20385"},{"taxonomy":"post_tag","embeddable":true,"href":"https:\/\/new.findnews5.com\/index.php?rest_route=%2Fwp%2Fv2%2Ftags&post=20385"}],"curies":[{"name":"wp","href":"https:\/\/api.w.org\/{rel}","templated":true}]}}