{"id":20379,"date":"2024-08-31T20:50:43","date_gmt":"2024-08-31T20:50:43","guid":{"rendered":"https:\/\/new.findnews5.com\/?p=20379"},"modified":"2024-08-31T20:50:44","modified_gmt":"2024-08-31T20:50:44","slug":"plas-sherri-ne-tirane-roja-shemb-pa-ndjenja-ne-toke-30-vjecarin-i-riu-ne-gjendje-te-rende-emrat","status":"publish","type":"post","link":"https:\/\/new.findnews5.com\/?p=20379","title":{"rendered":"Plas sherri n\u00eb Tiran\u00eb\/ Roja shemb pa ndjenja n\u00eb tok\u00eb 30-vje\u00e7arin, i riu n\u00eb gjendje t\u00eb r\u00ebnd\u00eb (Emrat)"},"content":{"rendered":"<div class=\"78954ae5fa42b68c1393fe3da4998882\" data-index=\"1\" style=\"float: none; margin:0px 0 0px 0; text-align:center;\">\n<div data-type=\"_mgwidget\" data-widget-id=\"1576712\">\r\n<\/div>\r\n<script>(function(w,q){w[q]=w[q]||[];w[q].push([\"_mgc.load\"])})(window,\"_mgq\");\r\n<\/script>\r\n\n<\/div>\n\n<p>Dit\u00ebn e sotme, nj\u00eb sherr ka ndodhur n\u00eb zon\u00ebn e ish-Bllokut n\u00eb Tiran\u00eb, ku nj\u00eb roje parkingu ka goditur me b\u00ebrryl nj\u00eb 30-vje\u00e7ar.<\/p>\n\n\n\n<p>I riu, i identifikuar si Endri Mera, ka r\u00ebn\u00eb n\u00eb tok\u00eb pa ndjenja dhe ndodhet n\u00eb gjendje t\u00eb r\u00ebnd\u00eb p\u00ebr jet\u00ebn.<\/p>\n\n\n\n<h3 class=\"wp-block-heading\"><\/h3>\n\n\n\n<p>M\u00ebsohet se sherri mes tyre ka ndodhur p\u00ebr nj\u00eb vend parkimi.<\/p>\n\n\n\n<p>Policia ka nisur pun\u00ebn p\u00ebr zbardhjen e ngjarjes, nd\u00ebrsa ka v\u00ebn\u00eb n\u00eb pranga p\u00ebr vepr\u00ebn penale \u201cVrasja me dashje\u201d, rojen Geldian Daull\u00e7iu.<\/p>\n\n\n\n<p><strong>Njoftimi i policis\u00eb:<\/strong><\/p>\n\n\n\n<p>\u201c<em>Specialist\u00ebt p\u00ebr Hetimin e Krimeve t\u00eb Komisariatit t\u00eb Policis\u00eb Nr. 2 arrestuan shtetasin Gledian Daull\u00e7iu., 35 vje\u00e7, banues n\u00eb Tiran\u00eb, (roje n\u00eb nj\u00eb parking n\u00eb zon\u00ebn e Ish-Bllokut), p\u00ebr vepr\u00ebn penale \u201cVrasja me dashje\u201d, mbetur n\u00eb tentativ\u00eb, parashikuar nga neni 76 e 22 t\u00eb Kodit Penal.<\/em><\/p>\n\n\n\n<p><em>Ky shtetas dyshohet se dit\u00ebn e sotme, rreth or\u00ebs 06:30, n\u00eb rrug\u00ebn \u201cPjet\u00ebr Bogdani\u201d, pas nj\u00eb debati, ka goditur me b\u00ebrryl n\u00eb fytyr\u00eb shtetasin Endri Mera, 30 vje\u00e7, i cili ka r\u00ebn\u00eb n\u00eb tok\u00eb pa ndjenja dhe \u00ebsht\u00eb d\u00ebrguar n\u00eb spital, ku aktualisht ndodhet n\u00ebn kujdesin e mjek\u00ebve\u201d<\/em>, thuhet n\u00eb njoftim.<\/p>\n\n<div style=\"font-size: 0px; height: 0px; line-height: 0px; margin: 0; padding: 0; clear: both;\"><\/div>","protected":false},"excerpt":{"rendered":"<p>Dit\u00ebn e sotme, nj\u00eb sherr ka ndodhur n\u00eb zon\u00ebn e ish-Bllokut n\u00eb Tiran\u00eb, ku nj\u00eb roje parkingu ka goditur me b\u00ebrryl nj\u00eb 30-vje\u00e7ar. I riu, i identifikuar&#8230; <\/p>\n","protected":false},"author":1,"featured_media":20380,"comment_status":"open","ping_status":"open","sticky":false,"template":"","format":"standard","meta":{"footnotes":""},"categories":[6],"tags":[],"class_list":["post-20379","post","type-post","status-publish","format-standard","has-post-thumbnail","hentry","category-lajme"],"_links":{"self":[{"href":"https:\/\/new.findnews5.com\/index.php?rest_route=\/wp\/v2\/posts\/20379","targetHints":{"allow":["GET"]}}],"collection":[{"href":"https:\/\/new.findnews5.com\/index.php?rest_route=\/wp\/v2\/posts"}],"about":[{"href":"https:\/\/new.findnews5.com\/index.php?rest_route=\/wp\/v2\/types\/post"}],"author":[{"embeddable":true,"href":"https:\/\/new.findnews5.com\/index.php?rest_route=\/wp\/v2\/users\/1"}],"replies":[{"embeddable":true,"href":"https:\/\/new.findnews5.com\/index.php?rest_route=%2Fwp%2Fv2%2Fcomments&post=20379"}],"version-history":[{"count":0,"href":"https:\/\/new.findnews5.com\/index.php?rest_route=\/wp\/v2\/posts\/20379\/revisions"}],"wp:featuredmedia":[{"embeddable":true,"href":"https:\/\/new.findnews5.com\/index.php?rest_route=\/wp\/v2\/media\/20380"}],"wp:attachment":[{"href":"https:\/\/new.findnews5.com\/index.php?rest_route=%2Fwp%2Fv2%2Fmedia&parent=20379"}],"wp:term":[{"taxonomy":"category","embeddable":true,"href":"https:\/\/new.findnews5.com\/index.php?rest_route=%2Fwp%2Fv2%2Fcategories&post=20379"},{"taxonomy":"post_tag","embeddable":true,"href":"https:\/\/new.findnews5.com\/index.php?rest_route=%2Fwp%2Fv2%2Ftags&post=20379"}],"curies":[{"name":"wp","href":"https:\/\/api.w.org\/{rel}","templated":true}]}}