{"id":20371,"date":"2024-08-31T08:36:09","date_gmt":"2024-08-31T08:36:09","guid":{"rendered":"https:\/\/new.findnews5.com\/?p=20371"},"modified":"2024-08-31T08:36:10","modified_gmt":"2024-08-31T08:36:10","slug":"erdhi-nga-italia-per-pushime-por-nuk-u-kthye-me-cfare-ndodhi-me-38-vjecaren-qe-shkoi-me-urgjence-ne-spitalin-e-traumes","status":"publish","type":"post","link":"https:\/\/new.findnews5.com\/?p=20371","title":{"rendered":"Erdhi nga Italia p\u00ebr pushime, por nuk u kthye m\u00eb\/ \u00c7far\u00eb ndodhi me 38-vje\u00e7aren q\u00eb shkoi me urgjenc\u00eb n\u00eb spitalin e Traum\u00ebs"},"content":{"rendered":"<div class=\"78954ae5fa42b68c1393fe3da4998882\" data-index=\"1\" style=\"float: none; margin:0px 0 0px 0; text-align:center;\">\n<div data-type=\"_mgwidget\" data-widget-id=\"1576712\">\r\n<\/div>\r\n<script>(function(w,q){w[q]=w[q]||[];w[q].push([\"_mgc.load\"])})(window,\"_mgq\");\r\n<\/script>\r\n\n<\/div>\n\n<p>Nj\u00eb shtetase italiane, erdhi n\u00eb Shqip\u00ebri me pushime e shoq\u00ebruar nga bashk\u00ebshorti dhe djali i saj. Por 38-vje\u00e7arja papritur p\u00ebsoi nj\u00eb goditje n\u00eb zem\u00ebr, \u00e7`ka i shkaktoi dhe vdekjen shkruajn\u00eb mediat italiane.<\/p>\n\n\n\n<p>Sipas edhe nj\u00eb postimi n\u00eb rrjetet sociale, ku e \u00ebma e t\u00eb res\u00eb ka folur rreth situat\u00ebs, ajo ka treguar se vajza e saj ishte mir\u00eb dhe nuk ka pasur probleme sh\u00ebndet\u00ebsore m\u00eb her\u00ebt.<\/p>\n\n\n\n<h3 class=\"wp-block-heading\"><\/h3>\n\n\n\n<p>E \u00ebma tregon se ka qen\u00eb n\u00eb dijeni t\u00eb situat\u00ebs sh\u00ebndet\u00ebsore, n\u00eb momentin q\u00eb 38-vje\u00e7arja ka shfaqur probleme ka shkuar n\u00eb spitalin e Traum\u00ebs, por si pasoj\u00eb e infeksionit t\u00eb r\u00ebnd\u00eb edhe n\u00eb mushk\u00ebri nuk ka arritur q\u00eb t\u00eb mbijetoj\u00eb, duke iu kthyer k\u00ebshtu pushimet n\u00eb tragjedi dhe duke l\u00ebn\u00eb pas djalin 1-vje\u00e7 dhe bashk\u00ebshortin.<\/p>\n\n\n\n<p><strong>Postimi i plot\u00eb:<\/strong><\/p>\n\n\n\n<p>\u201cAlessia ishte mir\u00eb, Covid \u201cinfektoi\u201d zemr\u00ebn e saj\u201d, shpjegon n\u00ebna e nj\u00eb tridhjet\u00eb e tet\u00eb vje\u00e7areje me origjin\u00eb nga Sedico dhe banuese n\u00eb Mussoi, nj\u00eb fshat i Belluno, duke raportuar at\u00eb q\u00eb i than\u00eb mjek\u00ebt q\u00eb kujdeseshin p\u00ebr vajz\u00ebn e saj n\u00eb or\u00ebt e fundit t\u00eb jet\u00ebs. Alessia Vidotto vdiq m\u00eb 15 gusht n\u00eb Tiran\u00eb, Shqip\u00ebri, ku ndodhej me pushime me djalin dhe bashk\u00ebshortin e saj Eroldin.<\/p>\n\n\n\n<p>E buz\u00ebqeshur dhe e shkujdesur, e pun\u00ebsuar n\u00eb Marcolin, ajo do t\u00eb kishte vdekur brenda pak dit\u00ebsh nga miokarditi fulminant, nj\u00eb inflamacion i r\u00ebnd\u00eb i miokardit, i cili, n\u00eb faz\u00ebn m\u00eb akute, mund t\u00eb \u00e7oj\u00eb n\u00eb kolaps. N\u00eb disa raste, kjo patologji, e shkaktuar zakonisht nga infeksionet, s\u00ebmundjet sistemike ose ekspozimi ndaj barnave dhe toksinave, k\u00ebrkon transplant zemre. N\u00eb k\u00ebt\u00eb rast, sipas asaj q\u00eb m\u00ebsoi familja, mjek\u00ebt nuk do t\u00eb kishin asnj\u00eb dyshim p\u00ebr t\u2019ia atribuar miokarditin drejtp\u00ebrdrejt Covid-it.<\/p>\n\n\n\n<p>Elga, n\u00ebna e Alesias, ishte d\u00ebshmitare e shembjes s\u00eb gjendjes s\u00eb saj sh\u00ebndet\u00ebsore pa mundur t\u00eb b\u00ebnte gj\u00eb tjet\u00ebr ve\u00e7se ta k\u00ebshillonte q\u00eb t\u00eb kontrollohej. Kur e kuptoi ashp\u00ebrsin\u00eb e gjendjes s\u00eb saj, arriti ta arrinte para or\u00ebs fatale.<\/p>\n\n\n\n<p>Nga mbr\u00ebmja e s\u00eb mart\u00ebs, pra nga 13 gushti, infeksioni i Alessias do t\u00eb p\u00ebrkeq\u00ebsohej me shpejt\u00ebsi: \u201cSipas mjek\u00ebve dhe nuk kemi pse t\u00eb dyshojm\u00eb n\u00eb fjal\u00ebt e tyre virusi do t\u00eb kishte prekur mushk\u00ebrit\u00eb dhe m\u00eb pas do t\u00eb kishte infektuar zemr\u00ebn\u2013 shpjegon n\u00ebna e saj Elga Vajza ime ka qen\u00eb gjithmon\u00eb e qet\u00eb k\u00ebto dit\u00eb Ajo ndoshta nuk e kuptoi se \u00e7far\u00eb do t\u00eb ndodhte \u201c\u00cbsht\u00eb vet\u00ebm Covid\u201d ajo duhet t\u00eb ket\u00eb th\u00ebn\u00eb me vete, kur ne nuk mund t\u00eb afroheshim me t\u00eb i cili b\u00ebri lamtumir\u00eb t\u00eb nes\u00ebrmen arrita t\u00eb mb\u00ebrrija n\u00eb koh\u00eb p\u00ebr t\u2019i th\u00ebn\u00eb lamtumir\u00eb asaj p\u00ebr her\u00eb t\u00eb fundit. T\u00eb enjten n\u00eb m\u00ebngjes Alessia u p\u00ebrkeq\u00ebsua edhe m\u00eb shum\u00eb dhe nd\u00ebrroi jet\u00eb. \u201cAsistenca ishte shum\u00eb e shpejt\u00eb. Absolutisht u ndoq n\u00eb m\u00ebnyr\u00ebn m\u00eb t\u00eb mir\u00eb t\u00eb mundshme\u201d, shton Elga\u201d, shkruajn\u00eb mediat.<\/p>\n\n<div style=\"font-size: 0px; height: 0px; line-height: 0px; margin: 0; padding: 0; clear: both;\"><\/div>","protected":false},"excerpt":{"rendered":"<p>Nj\u00eb shtetase italiane, erdhi n\u00eb Shqip\u00ebri me pushime e shoq\u00ebruar nga bashk\u00ebshorti dhe djali i saj. Por 38-vje\u00e7arja papritur p\u00ebsoi nj\u00eb goditje n\u00eb zem\u00ebr, \u00e7`ka i shkaktoi&#8230; <\/p>\n","protected":false},"author":1,"featured_media":20372,"comment_status":"open","ping_status":"open","sticky":false,"template":"","format":"standard","meta":{"footnotes":""},"categories":[6],"tags":[],"class_list":["post-20371","post","type-post","status-publish","format-standard","has-post-thumbnail","hentry","category-lajme"],"_links":{"self":[{"href":"https:\/\/new.findnews5.com\/index.php?rest_route=\/wp\/v2\/posts\/20371","targetHints":{"allow":["GET"]}}],"collection":[{"href":"https:\/\/new.findnews5.com\/index.php?rest_route=\/wp\/v2\/posts"}],"about":[{"href":"https:\/\/new.findnews5.com\/index.php?rest_route=\/wp\/v2\/types\/post"}],"author":[{"embeddable":true,"href":"https:\/\/new.findnews5.com\/index.php?rest_route=\/wp\/v2\/users\/1"}],"replies":[{"embeddable":true,"href":"https:\/\/new.findnews5.com\/index.php?rest_route=%2Fwp%2Fv2%2Fcomments&post=20371"}],"version-history":[{"count":0,"href":"https:\/\/new.findnews5.com\/index.php?rest_route=\/wp\/v2\/posts\/20371\/revisions"}],"wp:featuredmedia":[{"embeddable":true,"href":"https:\/\/new.findnews5.com\/index.php?rest_route=\/wp\/v2\/media\/20372"}],"wp:attachment":[{"href":"https:\/\/new.findnews5.com\/index.php?rest_route=%2Fwp%2Fv2%2Fmedia&parent=20371"}],"wp:term":[{"taxonomy":"category","embeddable":true,"href":"https:\/\/new.findnews5.com\/index.php?rest_route=%2Fwp%2Fv2%2Fcategories&post=20371"},{"taxonomy":"post_tag","embeddable":true,"href":"https:\/\/new.findnews5.com\/index.php?rest_route=%2Fwp%2Fv2%2Ftags&post=20371"}],"curies":[{"name":"wp","href":"https:\/\/api.w.org\/{rel}","templated":true}]}}