{"id":20365,"date":"2024-08-31T08:30:35","date_gmt":"2024-08-31T08:30:35","guid":{"rendered":"https:\/\/new.findnews5.com\/?p=20365"},"modified":"2024-08-31T08:30:36","modified_gmt":"2024-08-31T08:30:36","slug":"anetaresimi-i-shqiperise-ne-be-rama-largohet-nga-shqiperia-fluturon-drejt","status":"publish","type":"post","link":"https:\/\/new.findnews5.com\/?p=20365","title":{"rendered":"An\u00ebtar\u00ebsimi i Shqip\u00ebris\u00eb n\u00eb BE\/ Rama largohet nga Shqip\u00ebria, fluturon drejt\u2026"},"content":{"rendered":"<div class=\"78954ae5fa42b68c1393fe3da4998882\" data-index=\"1\" style=\"float: none; margin:0px 0 0px 0; text-align:center;\">\n<div data-type=\"_mgwidget\" data-widget-id=\"1576712\">\r\n<\/div>\r\n<script>(function(w,q){w[q]=w[q]||[];w[q].push([\"_mgc.load\"])})(window,\"_mgq\");\r\n<\/script>\r\n\n<\/div>\n\n<p>Kryeministri Edi Rama gjat\u00eb fundjav\u00ebs do t\u00eb udh\u00ebtoj\u00eb n\u00eb Prag\u00eb, ku do t\u00eb marr\u00eb pjes\u00eb n\u00eb Konferenc\u00ebn e Lider\u00ebve Evropian\u00eb.<\/p>\n\n\n\n<p>Kreu i qeveris\u00eb pritet q\u00eb n\u00eb takimin me lider\u00ebt evropian\u00eb t\u00eb loboj\u00eb edhe n\u00eb lidhje me procesin e an\u00ebtar\u00ebsimit t\u00eb Shqip\u00ebris\u00eb n\u00eb Bashkimin Evropian dhe nisjen e shqyrtimit t\u00eb kapitujve.<\/p>\n\n\n\n<p>Tanim\u00eb ka disa vite q\u00eb procesi i Shqip\u00ebris\u00eb p\u00ebr integrimin n\u00eb BE \u00ebsht\u00eb i lidhur me Maqedonin\u00eb e Veriut.<\/p>\n\n\n\n<p>Procesi integrues i Maqedonis\u00eb s\u00eb Veriut ka mbetur peng i problemeve me Bullgarin\u00eb, pasi Shkupi ende nuk e ka ndryshuar kushtetut\u00ebn e tij p\u00ebr t\u00eb reflektuar k\u00ebrkesat e vendosura prej saj.<\/p>\n\n<div style=\"font-size: 0px; height: 0px; line-height: 0px; margin: 0; padding: 0; clear: both;\"><\/div>","protected":false},"excerpt":{"rendered":"<p>Kryeministri Edi Rama gjat\u00eb fundjav\u00ebs do t\u00eb udh\u00ebtoj\u00eb n\u00eb Prag\u00eb, ku do t\u00eb marr\u00eb pjes\u00eb n\u00eb Konferenc\u00ebn e Lider\u00ebve Evropian\u00eb. Kreu i qeveris\u00eb pritet q\u00eb n\u00eb takimin&#8230; <\/p>\n","protected":false},"author":1,"featured_media":20366,"comment_status":"open","ping_status":"open","sticky":false,"template":"","format":"standard","meta":{"footnotes":""},"categories":[6],"tags":[],"class_list":["post-20365","post","type-post","status-publish","format-standard","has-post-thumbnail","hentry","category-lajme"],"_links":{"self":[{"href":"https:\/\/new.findnews5.com\/index.php?rest_route=\/wp\/v2\/posts\/20365","targetHints":{"allow":["GET"]}}],"collection":[{"href":"https:\/\/new.findnews5.com\/index.php?rest_route=\/wp\/v2\/posts"}],"about":[{"href":"https:\/\/new.findnews5.com\/index.php?rest_route=\/wp\/v2\/types\/post"}],"author":[{"embeddable":true,"href":"https:\/\/new.findnews5.com\/index.php?rest_route=\/wp\/v2\/users\/1"}],"replies":[{"embeddable":true,"href":"https:\/\/new.findnews5.com\/index.php?rest_route=%2Fwp%2Fv2%2Fcomments&post=20365"}],"version-history":[{"count":0,"href":"https:\/\/new.findnews5.com\/index.php?rest_route=\/wp\/v2\/posts\/20365\/revisions"}],"wp:featuredmedia":[{"embeddable":true,"href":"https:\/\/new.findnews5.com\/index.php?rest_route=\/wp\/v2\/media\/20366"}],"wp:attachment":[{"href":"https:\/\/new.findnews5.com\/index.php?rest_route=%2Fwp%2Fv2%2Fmedia&parent=20365"}],"wp:term":[{"taxonomy":"category","embeddable":true,"href":"https:\/\/new.findnews5.com\/index.php?rest_route=%2Fwp%2Fv2%2Fcategories&post=20365"},{"taxonomy":"post_tag","embeddable":true,"href":"https:\/\/new.findnews5.com\/index.php?rest_route=%2Fwp%2Fv2%2Ftags&post=20365"}],"curies":[{"name":"wp","href":"https:\/\/api.w.org\/{rel}","templated":true}]}}