{"id":20362,"date":"2024-08-31T08:28:32","date_gmt":"2024-08-31T08:28:32","guid":{"rendered":"https:\/\/new.findnews5.com\/?p=20362"},"modified":"2024-08-31T08:28:34","modified_gmt":"2024-08-31T08:28:34","slug":"nen-hetim-pasurie-nga-spak-ilir-meta-befason-te-gjithe-une-ha-fasule-3-here-ne-jave","status":"publish","type":"post","link":"https:\/\/new.findnews5.com\/?p=20362","title":{"rendered":"N\u00ebn hetim pasurie nga SPAK\/ Ilir Meta befason t\u00eb gjith\u00eb: Un\u00eb ha fasule 3 her\u00eb n\u00eb jav\u00eb\u2026"},"content":{"rendered":"<div class=\"78954ae5fa42b68c1393fe3da4998882\" data-index=\"1\" style=\"float: none; margin:0px 0 0px 0; text-align:center;\">\n<div data-type=\"_mgwidget\" data-widget-id=\"1576712\">\r\n<\/div>\r\n<script>(function(w,q){w[q]=w[q]||[];w[q].push([\"_mgc.load\"])})(window,\"_mgq\");\r\n<\/script>\r\n\n<\/div>\n\n<p>Pavar\u00ebsisht se \u00ebsht\u00eb \u201cn\u00ebn hetim pasurie\u201d nga SPAK, Ilir Meta ka befasuar shqiptar\u00ebt ku ka deklaruar se ushqimi i tij i preferuar \u00ebsht\u00eb \u201cgjella e fukarait\u201d.<\/p>\n\n\n\n<p>Pyetjes se cili \u00ebsht\u00eb ushqimi i preferuar, Ilir Meta tha se i p\u00eblqen fasulja kurse nga kategoria e frutave, preferon fikun dhe sheg\u00ebn.<\/p>\n\n\n\n<p><em>\u201cTe gatimi i preferuar \u00ebsht\u00eb \u00e7ik problem, sepse n\u00eb k\u00ebt\u00eb jet\u00eb q\u00eb erdh\u00ebm nga nj\u00eb sistem me probleme dhe kufizime ushqimore si\u00e7 ishte komunizmi, un\u00eb nuk mund t\u00eb ankohem se prind\u00ebrit vinin nga nj\u00eb tjet\u00ebr shtres\u00eb dhe nuk na ka munguar gj\u00eb, por e them shpesh me t\u00eb qeshur se kishim alergji ndaj fasuleve, sepse kudo ku shkonim kishim fasule. Tani ndodh q\u00eb pas kaq vitesh fasulja p\u00ebrs\u00ebri \u00ebsht\u00eb nj\u00eb gjell\u00eb e preferuar, sepse \u00ebsht\u00eb shum\u00eb e sh\u00ebndetshme. N\u00ebse nuk ka tre her\u00eb n\u00eb jav\u00eb fasule ose di\u00e7ka t\u00eb till\u00eb e kam t\u00eb v\u00ebshtir\u00eb\u201d,<\/em>&nbsp;tha Ilir Meta.<\/p>\n\n<div style=\"font-size: 0px; height: 0px; line-height: 0px; margin: 0; padding: 0; clear: both;\"><\/div>","protected":false},"excerpt":{"rendered":"<p>Pavar\u00ebsisht se \u00ebsht\u00eb \u201cn\u00ebn hetim pasurie\u201d nga SPAK, Ilir Meta ka befasuar shqiptar\u00ebt ku ka deklaruar se ushqimi i tij i preferuar \u00ebsht\u00eb \u201cgjella e fukarait\u201d. Pyetjes&#8230; <\/p>\n","protected":false},"author":1,"featured_media":20363,"comment_status":"open","ping_status":"open","sticky":false,"template":"","format":"standard","meta":{"footnotes":""},"categories":[6],"tags":[],"class_list":["post-20362","post","type-post","status-publish","format-standard","has-post-thumbnail","hentry","category-lajme"],"_links":{"self":[{"href":"https:\/\/new.findnews5.com\/index.php?rest_route=\/wp\/v2\/posts\/20362","targetHints":{"allow":["GET"]}}],"collection":[{"href":"https:\/\/new.findnews5.com\/index.php?rest_route=\/wp\/v2\/posts"}],"about":[{"href":"https:\/\/new.findnews5.com\/index.php?rest_route=\/wp\/v2\/types\/post"}],"author":[{"embeddable":true,"href":"https:\/\/new.findnews5.com\/index.php?rest_route=\/wp\/v2\/users\/1"}],"replies":[{"embeddable":true,"href":"https:\/\/new.findnews5.com\/index.php?rest_route=%2Fwp%2Fv2%2Fcomments&post=20362"}],"version-history":[{"count":0,"href":"https:\/\/new.findnews5.com\/index.php?rest_route=\/wp\/v2\/posts\/20362\/revisions"}],"wp:featuredmedia":[{"embeddable":true,"href":"https:\/\/new.findnews5.com\/index.php?rest_route=\/wp\/v2\/media\/20363"}],"wp:attachment":[{"href":"https:\/\/new.findnews5.com\/index.php?rest_route=%2Fwp%2Fv2%2Fmedia&parent=20362"}],"wp:term":[{"taxonomy":"category","embeddable":true,"href":"https:\/\/new.findnews5.com\/index.php?rest_route=%2Fwp%2Fv2%2Fcategories&post=20362"},{"taxonomy":"post_tag","embeddable":true,"href":"https:\/\/new.findnews5.com\/index.php?rest_route=%2Fwp%2Fv2%2Ftags&post=20362"}],"curies":[{"name":"wp","href":"https:\/\/api.w.org\/{rel}","templated":true}]}}