{"id":20358,"date":"2024-08-31T08:25:17","date_gmt":"2024-08-31T08:25:17","guid":{"rendered":"https:\/\/new.findnews5.com\/?p=20358"},"modified":"2024-08-31T08:25:18","modified_gmt":"2024-08-31T08:25:18","slug":"e-trishte-keta-jane-burre-e-grua-qe-humben-jeten-dje-ne-magjistrale","status":"publish","type":"post","link":"https:\/\/new.findnews5.com\/?p=20358","title":{"rendered":"E trisht\u00eb! K\u00ebta jan\u00eb burr\u00eb e grua q\u00eb humb\u00ebn jet\u00ebn dje n\u00eb magjistrale"},"content":{"rendered":"<div class=\"78954ae5fa42b68c1393fe3da4998882\" data-index=\"1\" style=\"float: none; margin:0px 0 0px 0; text-align:center;\">\n<div data-type=\"_mgwidget\" data-widget-id=\"1576712\">\r\n<\/div>\r\n<script>(function(w,q){w[q]=w[q]||[];w[q].push([\"_mgc.load\"])})(window,\"_mgq\");\r\n<\/script>\r\n\n<\/div>\n<p>Mbr\u00ebm\u00eb nj\u00eb aksident i r\u00ebnd\u00eb tragjik ka ndodhur n\u00eb magjistralen Prishtin\u00eb-Pej\u00eb, n\u00eb Sllatin, ku si pasoj\u00eb kan\u00eb nd\u00ebrruar jet\u00eb dy persona, Bekim dhe Shehide Tora [burr\u00eb dhe grua].<\/p>\n<p>T\u00eb ndjerit ishin rreth mosh\u00ebs 60 vje\u00e7are.<\/p>\n<p>Familjar\u00ebt kan\u00eb njoftuar se ceremonia e varrimit do t\u00eb beh\u00ebt sot n\u00eb or\u00ebn 16:30 n\u00eb varrezat e Dragodanit, Prishtin\u00eb.<\/p>\n<p>\u00a0<\/p>\n\n\n<figure class=\"wp-block-image size-full\"><img loading=\"lazy\" decoding=\"async\" width=\"546\" height=\"293\" src=\"https:\/\/new.findnews5.com\/wp-content\/uploads\/2024\/08\/vvv-1-1.jpg\" alt=\"\" class=\"wp-image-20360\" srcset=\"https:\/\/new.findnews5.com\/wp-content\/uploads\/2024\/08\/vvv-1-1.jpg 546w, https:\/\/new.findnews5.com\/wp-content\/uploads\/2024\/08\/vvv-1-1-300x161.jpg 300w\" sizes=\"auto, (max-width: 546px) 100vw, 546px\" \/><\/figure>\n\n<div style=\"font-size: 0px; height: 0px; line-height: 0px; margin: 0; padding: 0; clear: both;\"><\/div>","protected":false},"excerpt":{"rendered":"<p>Mbr\u00ebm\u00eb nj\u00eb aksident i r\u00ebnd\u00eb tragjik ka ndodhur n\u00eb magjistralen Prishtin\u00eb-Pej\u00eb, n\u00eb Sllatin, ku si pasoj\u00eb kan\u00eb nd\u00ebrruar jet\u00eb dy persona, Bekim dhe Shehide Tora [burr\u00eb dhe&#8230; <\/p>\n","protected":false},"author":1,"featured_media":20359,"comment_status":"open","ping_status":"open","sticky":false,"template":"","format":"standard","meta":{"footnotes":""},"categories":[6],"tags":[],"class_list":["post-20358","post","type-post","status-publish","format-standard","has-post-thumbnail","hentry","category-lajme"],"_links":{"self":[{"href":"https:\/\/new.findnews5.com\/index.php?rest_route=\/wp\/v2\/posts\/20358","targetHints":{"allow":["GET"]}}],"collection":[{"href":"https:\/\/new.findnews5.com\/index.php?rest_route=\/wp\/v2\/posts"}],"about":[{"href":"https:\/\/new.findnews5.com\/index.php?rest_route=\/wp\/v2\/types\/post"}],"author":[{"embeddable":true,"href":"https:\/\/new.findnews5.com\/index.php?rest_route=\/wp\/v2\/users\/1"}],"replies":[{"embeddable":true,"href":"https:\/\/new.findnews5.com\/index.php?rest_route=%2Fwp%2Fv2%2Fcomments&post=20358"}],"version-history":[{"count":0,"href":"https:\/\/new.findnews5.com\/index.php?rest_route=\/wp\/v2\/posts\/20358\/revisions"}],"wp:featuredmedia":[{"embeddable":true,"href":"https:\/\/new.findnews5.com\/index.php?rest_route=\/wp\/v2\/media\/20359"}],"wp:attachment":[{"href":"https:\/\/new.findnews5.com\/index.php?rest_route=%2Fwp%2Fv2%2Fmedia&parent=20358"}],"wp:term":[{"taxonomy":"category","embeddable":true,"href":"https:\/\/new.findnews5.com\/index.php?rest_route=%2Fwp%2Fv2%2Fcategories&post=20358"},{"taxonomy":"post_tag","embeddable":true,"href":"https:\/\/new.findnews5.com\/index.php?rest_route=%2Fwp%2Fv2%2Ftags&post=20358"}],"curies":[{"name":"wp","href":"https:\/\/api.w.org\/{rel}","templated":true}]}}