{"id":19877,"date":"2024-07-16T16:22:09","date_gmt":"2024-07-16T16:22:09","guid":{"rendered":"https:\/\/new.findnews5.com\/?p=19877"},"modified":"2024-07-16T16:22:10","modified_gmt":"2024-07-16T16:22:10","slug":"thumbon-besin-por-feston-me-nenen-e-tij-xhensila-myrtezaj-poston-foton-e-papritur-ne-ditelindjen-e-vajzes","status":"publish","type":"post","link":"https:\/\/new.findnews5.com\/?p=19877","title":{"rendered":"Thumbon Besin, por feston me n\u00ebn\u00ebn e tij! Xhensila Myrtezaj poston foton e papritur n\u00eb dit\u00eblindjen e vajz\u00ebs"},"content":{"rendered":"<div class=\"78954ae5fa42b68c1393fe3da4998882\" data-index=\"1\" style=\"float: none; margin:0px 0 0px 0; text-align:center;\">\n<div data-type=\"_mgwidget\" data-widget-id=\"1576712\">\r\n<\/div>\r\n<script>(function(w,q){w[q]=w[q]||[];w[q].push([\"_mgc.load\"])})(window,\"_mgq\");\r\n<\/script>\r\n\n<\/div>\n<p>Xhensila Myrtezaj ka ndar\u00eb sot n\u00eb rrjetet sociale nj\u00eb foto t\u00eb ish-vjehrr\u00ebs s\u00eb saj, n\u00ebn\u00ebs s\u00eb Besin. Ajo ka ndar\u00eb foton e n\u00ebn\u00ebs s\u00eb Besit, krah vajz\u00ebs s\u00eb saj Akj\u00ebs, teksa sot feston  6 vjetorin. Duket se dit\u00eblindja e vajz\u00ebs ka bashkuar Xhensil\u00ebn me familjen e Besit, me t\u00eb cilin \u00ebsht\u00eb n\u00eb proces divorci.<\/p>\n<p>Ish-\u00e7ifti i njohur i showbiz, zgjodh\u00ebn ta uronin t\u00eb ndar\u00eb vajz\u00ebn e tyre, por nuk i kursyen thumbat. \u201cTi je muzika m\u00eb e bukur e jet\u00ebs sime. Edhe 100 dashuri hyjnore. Ti dhe Zoti e di q\u00eb mama.. b\u00ebn p\u00ebr ty gjith\u00e7ka, jo me fjal\u00eb por me vepra. Jetoj vet\u00ebm p\u00ebr ty\u2026\u201d, ka shkruar k\u00ebng\u00ebtarja n\u00eb postimin p\u00ebr vajz\u00ebn.<\/p>\n<p>\u201cUrime 6-vjetorin e lindjes Ajka e tok\u00ebs, Ajka qiellit, drit\u00eb e h\u00ebn\u00ebs, drit\u00eb e diellit! G\u00ebzuar gjasht\u00eb vjetorin o lule e bukur e gjakut tim! Njeriu nuk e ndien ikjen e viteve n\u00ebp\u00ebrmjet vetes, por n\u00ebp\u00ebrmjet rritjes s\u00eb f\u00ebmij\u00ebve.<\/p>\n<p>Kur t\u00eb shoh q\u00eb rritesh, ndiej ikjen e viteve, por jo edhe humbjen e tyre. Jeta \u00ebsht\u00eb krejt surpriza, krejt t\u00eb papritura, apo si\u00e7 thon\u00eb poet\u00ebt, er\u00ebrat nuk fryjn\u00eb gjithmon\u00eb si\u00e7 duan barkat, por pik\u00ebrisht k\u00ebtu q\u00ebndron edhe fuqia e p\u00ebrballjes me sprovat.<\/p>\n<p>Kur ti i k\u00ebrkon Zotit t\u00eb t\u00eb jap\u00eb fuqi, duhet t\u00eb dish se Ai do t\u00eb t\u00eb p\u00ebrball\u00eb me sprovat n\u00ebp\u00ebrmjet t\u00eb cilave do ta d\u00ebshmosh fuqin\u00eb e Tij. Kur njer\u00ebzit jan\u00eb t\u00eb g\u00ebzuar, duken t\u00eb gjith\u00eb nj\u00eblloj, dhe \u00ebsht\u00eb pik\u00ebrisht sprova ajo q\u00eb do t\u2019i dalloj\u00eb. Nuk t\u00eb premtoj gjith\u00e7ka, por n\u00eb gjith\u00e7ka do t\u00eb jem pran\u00eb teje dhe Amenit. Ashtu si\u00e7 isha dhe jam p\u00ebrfill\u00ebs p\u00ebr secilin rreth meje, do t\u00eb jem edhe p\u00ebr ju, ve\u00e7se juve do t\u2019ju kem edhe kur s\u2019do t\u00eb jem.<\/p>\n<p>Ju dua me fuqin\u00eb e nj\u00eb mij\u00eb diejve. Pa\u00e7i Bekimet Hyjnore jast\u00ebk \u00ebndrrash dhe zgjimesh! Me dashuri, babi Bes\u201d, shkruante n\u00eb postim artisti krahas nj\u00eb videoje ku shfaqej me dy f\u00ebmij\u00ebt e tij Ajk\u00ebn dhe Amenin.<\/p>\n\n<div style=\"font-size: 0px; height: 0px; line-height: 0px; margin: 0; padding: 0; clear: both;\"><\/div>","protected":false},"excerpt":{"rendered":"<p>Xhensila Myrtezaj ka ndar\u00eb sot n\u00eb rrjetet sociale nj\u00eb foto t\u00eb ish-vjehrr\u00ebs s\u00eb saj, n\u00ebn\u00ebs s\u00eb Besin. Ajo ka ndar\u00eb foton e n\u00ebn\u00ebs s\u00eb Besit, krah vajz\u00ebs&#8230; <\/p>\n","protected":false},"author":1,"featured_media":19878,"comment_status":"open","ping_status":"open","sticky":false,"template":"","format":"standard","meta":{"footnotes":""},"categories":[6],"tags":[],"class_list":["post-19877","post","type-post","status-publish","format-standard","has-post-thumbnail","hentry","category-lajme"],"_links":{"self":[{"href":"https:\/\/new.findnews5.com\/index.php?rest_route=\/wp\/v2\/posts\/19877","targetHints":{"allow":["GET"]}}],"collection":[{"href":"https:\/\/new.findnews5.com\/index.php?rest_route=\/wp\/v2\/posts"}],"about":[{"href":"https:\/\/new.findnews5.com\/index.php?rest_route=\/wp\/v2\/types\/post"}],"author":[{"embeddable":true,"href":"https:\/\/new.findnews5.com\/index.php?rest_route=\/wp\/v2\/users\/1"}],"replies":[{"embeddable":true,"href":"https:\/\/new.findnews5.com\/index.php?rest_route=%2Fwp%2Fv2%2Fcomments&post=19877"}],"version-history":[{"count":0,"href":"https:\/\/new.findnews5.com\/index.php?rest_route=\/wp\/v2\/posts\/19877\/revisions"}],"wp:featuredmedia":[{"embeddable":true,"href":"https:\/\/new.findnews5.com\/index.php?rest_route=\/wp\/v2\/media\/19878"}],"wp:attachment":[{"href":"https:\/\/new.findnews5.com\/index.php?rest_route=%2Fwp%2Fv2%2Fmedia&parent=19877"}],"wp:term":[{"taxonomy":"category","embeddable":true,"href":"https:\/\/new.findnews5.com\/index.php?rest_route=%2Fwp%2Fv2%2Fcategories&post=19877"},{"taxonomy":"post_tag","embeddable":true,"href":"https:\/\/new.findnews5.com\/index.php?rest_route=%2Fwp%2Fv2%2Ftags&post=19877"}],"curies":[{"name":"wp","href":"https:\/\/api.w.org\/{rel}","templated":true}]}}