{"id":19849,"date":"2024-07-08T12:32:49","date_gmt":"2024-07-08T12:32:49","guid":{"rendered":"https:\/\/new.findnews5.com\/?p=19849"},"modified":"2024-07-08T12:32:52","modified_gmt":"2024-07-08T12:32:52","slug":"niset-drejt-rinasit-edi-rama-largohet-nga-shqiperia-kryeministri-fluturon-drejt","status":"publish","type":"post","link":"https:\/\/new.findnews5.com\/?p=19849","title":{"rendered":"Niset drejt Rinasit! Edi Rama largohet nga Shqip\u00ebria, Kryeministri fluturon drejt\u2026"},"content":{"rendered":"<div class=\"78954ae5fa42b68c1393fe3da4998882\" data-index=\"1\" style=\"float: none; margin:0px 0 0px 0; text-align:center;\">\n<div data-type=\"_mgwidget\" data-widget-id=\"1576712\">\r\n<\/div>\r\n<script>(function(w,q){w[q]=w[q]||[];w[q].push([\"_mgc.load\"])})(window,\"_mgq\");\r\n<\/script>\r\n\n<\/div>\n\n<p>Kryeministri Edi Rama udh\u00ebton sot drejt Uashingtonit, ku edhe do t\u00eb mbahet edhe samiti i thirrur nga presidenti Joe Biden p\u00ebr 75 vjetorin e NATO-s.<\/p>\n\n\n\n<p>Sapo ka mbaruar mbledhja e Kryesis\u00eb n\u00eb selin\u00eb e PS, Rama \u00ebsht\u00eb nisur drejt Rinasit pasi do t\u00eb udh\u00ebtoj\u00eb drejt SHBA-ve. Samiti treditor i NATO-s q\u00eb do t\u00eb mbahet n\u00eb Uashington nga 9 deri m\u00eb 11 korrik do t\u00eb jet\u00eb i pari q\u00eb p\u00ebrfshin Suedin\u00eb si an\u00ebtare t\u00eb aleanc\u00ebs.<\/p>\n\n\n\n<p>Samiti historik sh\u00ebnon gjithashtu 75 vjetorin e themelimit t\u00eb Organizat\u00ebs s\u00eb Traktatit t\u00eb Atlantikut t\u00eb Veriut (NATO), e cila tani \u00ebsht\u00eb nj\u00eb aleanc\u00eb e fort\u00eb ushtarake e 32 vendeve.<\/p>\n\n<div style=\"font-size: 0px; height: 0px; line-height: 0px; margin: 0; padding: 0; clear: both;\"><\/div>","protected":false},"excerpt":{"rendered":"<p>Kryeministri Edi Rama udh\u00ebton sot drejt Uashingtonit, ku edhe do t\u00eb mbahet edhe samiti i thirrur nga presidenti Joe Biden p\u00ebr 75 vjetorin e NATO-s. Sapo ka&#8230; <\/p>\n","protected":false},"author":1,"featured_media":19850,"comment_status":"open","ping_status":"open","sticky":false,"template":"","format":"standard","meta":{"footnotes":""},"categories":[6],"tags":[],"class_list":["post-19849","post","type-post","status-publish","format-standard","has-post-thumbnail","hentry","category-lajme"],"_links":{"self":[{"href":"https:\/\/new.findnews5.com\/index.php?rest_route=\/wp\/v2\/posts\/19849","targetHints":{"allow":["GET"]}}],"collection":[{"href":"https:\/\/new.findnews5.com\/index.php?rest_route=\/wp\/v2\/posts"}],"about":[{"href":"https:\/\/new.findnews5.com\/index.php?rest_route=\/wp\/v2\/types\/post"}],"author":[{"embeddable":true,"href":"https:\/\/new.findnews5.com\/index.php?rest_route=\/wp\/v2\/users\/1"}],"replies":[{"embeddable":true,"href":"https:\/\/new.findnews5.com\/index.php?rest_route=%2Fwp%2Fv2%2Fcomments&post=19849"}],"version-history":[{"count":0,"href":"https:\/\/new.findnews5.com\/index.php?rest_route=\/wp\/v2\/posts\/19849\/revisions"}],"wp:featuredmedia":[{"embeddable":true,"href":"https:\/\/new.findnews5.com\/index.php?rest_route=\/wp\/v2\/media\/19850"}],"wp:attachment":[{"href":"https:\/\/new.findnews5.com\/index.php?rest_route=%2Fwp%2Fv2%2Fmedia&parent=19849"}],"wp:term":[{"taxonomy":"category","embeddable":true,"href":"https:\/\/new.findnews5.com\/index.php?rest_route=%2Fwp%2Fv2%2Fcategories&post=19849"},{"taxonomy":"post_tag","embeddable":true,"href":"https:\/\/new.findnews5.com\/index.php?rest_route=%2Fwp%2Fv2%2Ftags&post=19849"}],"curies":[{"name":"wp","href":"https:\/\/api.w.org\/{rel}","templated":true}]}}