{"id":19843,"date":"2024-07-08T12:26:48","date_gmt":"2024-07-08T12:26:48","guid":{"rendered":"https:\/\/new.findnews5.com\/?p=19843"},"modified":"2024-07-08T12:26:49","modified_gmt":"2024-07-08T12:26:49","slug":"abuzimi-me-fondet-bashkimi-europian-reagon-per-arrestimin-e-ilir-beqajt-ja-cfare-thote","status":"publish","type":"post","link":"https:\/\/new.findnews5.com\/?p=19843","title":{"rendered":"Abuzimi me fondet, Bashkimi Europian reagon p\u00ebr arrestimin e Ilir Beqajt, ja \u00e7far\u00eb thot\u00eb\u2026"},"content":{"rendered":"<div class=\"78954ae5fa42b68c1393fe3da4998882\" data-index=\"1\" style=\"float: none; margin:0px 0 0px 0; text-align:center;\">\n<div data-type=\"_mgwidget\" data-widget-id=\"1576712\">\r\n<\/div>\r\n<script>(function(w,q){w[q]=w[q]||[];w[q].push([\"_mgc.load\"])})(window,\"_mgq\");\r\n<\/script>\r\n\n<\/div>\n\n<p>Delegacioni i Bashkimit Evropian n\u00eb Tiran\u00eb ka reaguar lidhur me arrestimin e ish-ministrit t\u00eb Sh\u00ebndet\u00ebsis\u00eb, Ilir Beqaj.<\/p>\n\n\n\n<p>N\u00eb nj\u00eb p\u00ebrgjigje p\u00ebr \u201cEuronews Albania\u201d, Delegacioni i BE sqaron se institucionet e drejt\u00ebsis\u00eb n\u00eb Shqip\u00ebri jan\u00eb te detyruara t\u00eb ken\u00eb mekanizma t\u00eb kontrollit financiar p\u00ebr t\u00eb mbrojtur interesat financiare t\u00eb Bashkimit Europian.<\/p>\n\n\n\n<p>\u201c<em>BE-ja nuk komenton mbi procedurat gjyq\u00ebsore n\u00eb vazhdim\u00ebsi. Institucionet shqiptare jan\u00eb t\u00eb detyruara t\u00eb ken\u00eb mekanizma efektiv\u00eb t\u00eb kontrollit financiar p\u00ebr t\u00eb mbrojtur interesat financiare t\u00eb BE-s\u00eb. Rol t\u00eb r\u00ebnd\u00ebsish\u00ebm n\u00eb k\u00ebt\u00eb drejtim luajn\u00eb edhe institucionet e pavarura t\u00eb drejt\u00ebsis\u00eb. BE-ja ka mjete dhe procedura n\u00eb dispozicion p\u00ebr t\u00eb mbrojtur interesat e veta financiare, n\u00ebse \u00ebsht\u00eb e nevojshme<\/em>\u201d, thuhet n\u00eb reagimin e BE.<\/p>\n\n<div style=\"font-size: 0px; height: 0px; line-height: 0px; margin: 0; padding: 0; clear: both;\"><\/div>","protected":false},"excerpt":{"rendered":"<p>Delegacioni i Bashkimit Evropian n\u00eb Tiran\u00eb ka reaguar lidhur me arrestimin e ish-ministrit t\u00eb Sh\u00ebndet\u00ebsis\u00eb, Ilir Beqaj. N\u00eb nj\u00eb p\u00ebrgjigje p\u00ebr \u201cEuronews Albania\u201d, Delegacioni i BE sqaron&#8230; <\/p>\n","protected":false},"author":1,"featured_media":19844,"comment_status":"open","ping_status":"open","sticky":false,"template":"","format":"standard","meta":{"footnotes":""},"categories":[6],"tags":[],"class_list":["post-19843","post","type-post","status-publish","format-standard","has-post-thumbnail","hentry","category-lajme"],"_links":{"self":[{"href":"https:\/\/new.findnews5.com\/index.php?rest_route=\/wp\/v2\/posts\/19843","targetHints":{"allow":["GET"]}}],"collection":[{"href":"https:\/\/new.findnews5.com\/index.php?rest_route=\/wp\/v2\/posts"}],"about":[{"href":"https:\/\/new.findnews5.com\/index.php?rest_route=\/wp\/v2\/types\/post"}],"author":[{"embeddable":true,"href":"https:\/\/new.findnews5.com\/index.php?rest_route=\/wp\/v2\/users\/1"}],"replies":[{"embeddable":true,"href":"https:\/\/new.findnews5.com\/index.php?rest_route=%2Fwp%2Fv2%2Fcomments&post=19843"}],"version-history":[{"count":0,"href":"https:\/\/new.findnews5.com\/index.php?rest_route=\/wp\/v2\/posts\/19843\/revisions"}],"wp:featuredmedia":[{"embeddable":true,"href":"https:\/\/new.findnews5.com\/index.php?rest_route=\/wp\/v2\/media\/19844"}],"wp:attachment":[{"href":"https:\/\/new.findnews5.com\/index.php?rest_route=%2Fwp%2Fv2%2Fmedia&parent=19843"}],"wp:term":[{"taxonomy":"category","embeddable":true,"href":"https:\/\/new.findnews5.com\/index.php?rest_route=%2Fwp%2Fv2%2Fcategories&post=19843"},{"taxonomy":"post_tag","embeddable":true,"href":"https:\/\/new.findnews5.com\/index.php?rest_route=%2Fwp%2Fv2%2Ftags&post=19843"}],"curies":[{"name":"wp","href":"https:\/\/api.w.org\/{rel}","templated":true}]}}