{"id":19837,"date":"2024-07-07T23:52:06","date_gmt":"2024-07-07T23:52:06","guid":{"rendered":"https:\/\/new.findnews5.com\/?p=19837"},"modified":"2024-07-07T23:52:07","modified_gmt":"2024-07-07T23:52:07","slug":"e-trishte-ky-eshte-futbollisti-dhe-biznesmeni-shqiptar-qe-ra-nga-skela-dhe-humbi-jeten-ne-itali-emri","status":"publish","type":"post","link":"https:\/\/new.findnews5.com\/?p=19837","title":{"rendered":"E trisht\u00eb! Ky \u00ebsht\u00eb futbollisti dhe biznesmeni shqiptar q\u00eb ra nga skela dhe humbi jet\u00ebn n\u00eb Itali. Emri\u2026"},"content":{"rendered":"<div class=\"78954ae5fa42b68c1393fe3da4998882\" data-index=\"1\" style=\"float: none; margin:0px 0 0px 0; text-align:center;\">\n<div data-type=\"_mgwidget\" data-widget-id=\"1576712\">\r\n<\/div>\r\n<script>(function(w,q){w[q]=w[q]||[];w[q].push([\"_mgc.load\"])})(window,\"_mgq\");\r\n<\/script>\r\n\n<\/div>\n\n<p>Nj\u00eb ngjarje e r\u00ebnd\u00eb ndodhi pasditen e djeshme n\u00eb qytetin italian San Severino Marche. Amarildo Dedja, djali me origjin\u00eb shqiptare, i cili jetonte prej vitesh n\u00eb qytetin e Settempedana bashk\u00eb me gruan, prind\u00ebrit dhe v\u00ebllan\u00eb e tij vdiq n\u00eb mosh\u00ebn vet\u00ebm 30-vje\u00e7are.<\/p>\n\n\n\n<p>Ai u rr\u00ebzua nga skelat e nj\u00eb pallati n\u00eb rinovim pasi p\u00ebsoi l\u00ebndime t\u00eb shkaktuara nga t\u00ebrmeti, duke fluturuar p\u00ebr 10 metra. Ai ka gjetur vdekjen e menj\u00ebhershme p\u00ebr shkak t\u00eb goditjes nga r\u00ebnia. Sh\u00ebrbimet e urgjenc\u00ebs q\u00eb mb\u00ebrrit\u00ebn menj\u00ebher\u00eb u p\u00ebrpoq\u00ebn ta ringjall\u00ebn por ishte e pamundur.<\/p>\n\n\n\n<p>30-vje\u00e7ari kishte nj\u00eb kompani t\u00eb vog\u00ebl nd\u00ebrtimi por ishte edhe futbollist, n\u00eb fakt luante n\u00eb liga amatore si mesfushor. Ai ishte aktualisht nj\u00eb lojtar p\u00ebr Ruggero Mancini t\u00eb Pioraco. Ai kishte luajtur m\u00eb par\u00eb p\u00ebr Tolentino, Potenza Picena, Camerino, Settempeda dhe Folgore Castelraimondo, k\u00ebshtu q\u00eb ishte i njohur n\u00eb futbollin Marche.<\/p>\n\n<div style=\"font-size: 0px; height: 0px; line-height: 0px; margin: 0; padding: 0; clear: both;\"><\/div>","protected":false},"excerpt":{"rendered":"<p>Nj\u00eb ngjarje e r\u00ebnd\u00eb ndodhi pasditen e djeshme n\u00eb qytetin italian San Severino Marche. Amarildo Dedja, djali me origjin\u00eb shqiptare, i cili jetonte prej vitesh n\u00eb qytetin&#8230; <\/p>\n","protected":false},"author":1,"featured_media":19838,"comment_status":"open","ping_status":"open","sticky":false,"template":"","format":"standard","meta":{"footnotes":""},"categories":[6],"tags":[],"class_list":["post-19837","post","type-post","status-publish","format-standard","has-post-thumbnail","hentry","category-lajme"],"_links":{"self":[{"href":"https:\/\/new.findnews5.com\/index.php?rest_route=\/wp\/v2\/posts\/19837","targetHints":{"allow":["GET"]}}],"collection":[{"href":"https:\/\/new.findnews5.com\/index.php?rest_route=\/wp\/v2\/posts"}],"about":[{"href":"https:\/\/new.findnews5.com\/index.php?rest_route=\/wp\/v2\/types\/post"}],"author":[{"embeddable":true,"href":"https:\/\/new.findnews5.com\/index.php?rest_route=\/wp\/v2\/users\/1"}],"replies":[{"embeddable":true,"href":"https:\/\/new.findnews5.com\/index.php?rest_route=%2Fwp%2Fv2%2Fcomments&post=19837"}],"version-history":[{"count":0,"href":"https:\/\/new.findnews5.com\/index.php?rest_route=\/wp\/v2\/posts\/19837\/revisions"}],"wp:featuredmedia":[{"embeddable":true,"href":"https:\/\/new.findnews5.com\/index.php?rest_route=\/wp\/v2\/media\/19838"}],"wp:attachment":[{"href":"https:\/\/new.findnews5.com\/index.php?rest_route=%2Fwp%2Fv2%2Fmedia&parent=19837"}],"wp:term":[{"taxonomy":"category","embeddable":true,"href":"https:\/\/new.findnews5.com\/index.php?rest_route=%2Fwp%2Fv2%2Fcategories&post=19837"},{"taxonomy":"post_tag","embeddable":true,"href":"https:\/\/new.findnews5.com\/index.php?rest_route=%2Fwp%2Fv2%2Ftags&post=19837"}],"curies":[{"name":"wp","href":"https:\/\/api.w.org\/{rel}","templated":true}]}}