{"id":19824,"date":"2024-07-07T23:36:41","date_gmt":"2024-07-07T23:36:41","guid":{"rendered":"https:\/\/new.findnews5.com\/?p=19824"},"modified":"2024-07-07T23:36:42","modified_gmt":"2024-07-07T23:36:42","slug":"incident-apo-e-qellimshme-alba-e-perputhen-del-ne-emision-me-fustanin-transparent-tregon-me-shume-sec-duhet","status":"publish","type":"post","link":"https:\/\/new.findnews5.com\/?p=19824","title":{"rendered":"Incident apo e q\u00ebllimshme? Alba e \u201cP\u00ebrputhen\u201d del n\u00eb emision me fustanin transparent, tregon m\u00eb shum\u00eb se\u00e7 duhet"},"content":{"rendered":"<div class=\"78954ae5fa42b68c1393fe3da4998882\" data-index=\"1\" style=\"float: none; margin:0px 0 0px 0; text-align:center;\">\n<div data-type=\"_mgwidget\" data-widget-id=\"1576712\">\r\n<\/div>\r\n<script>(function(w,q){w[q]=w[q]||[];w[q].push([\"_mgc.load\"])})(window,\"_mgq\");\r\n<\/script>\r\n\n<\/div>\n\n<p>Alba e cila ka qen\u00eb konkurrent n\u00eb emisionin P\u00ebrputhen n\u00eb Top Channel, ishte k\u00ebt\u00eb t\u00eb diel e ftuar n\u00eb \u201cE diell\u201d.<\/p>\n\n\n\n<p>Ajo kishte zgjedhur q\u00eb t\u00eb vishte nj\u00eb fustan t\u00eb kuq, por q\u00eb n\u00eb pjes\u00ebn m\u00eb t\u00eb madhe t\u00eb tij ishte transparent. Teksa \u00ebsht\u00eb ngritur n\u00eb k\u00ebmb\u00eb p\u00ebr t\u00eb b\u00ebr\u00eb nj\u00eb pasarel\u00eb e p\u00ebr t\u00eb treguar fustanin, ajo ka treguar m\u00eb shum\u00eb se\u00e7 duhet\u2026<\/p>\n\n\n\n<p>Por a ishte ky (VIDEO kliko te fjala e radhes)-&nbsp;<a href=\"https:\/\/www.youtube.com\/watch?v=ZtEETtQGql4&amp;embeds_referring_euri=https%3A%2F%2Ftop-channel.tv%2F&amp;source_ve_path=MjM4NTE&amp;feature=emb_title\">nj\u00eb<\/a>&nbsp;incident pasi i ishte ngritur fustani, apo ishte nj\u00eb zgjedhje e saj?! Kjo mbetet p\u00ebr t\u2019u sqaruar prej saj.<\/p>\n\n<div style=\"font-size: 0px; height: 0px; line-height: 0px; margin: 0; padding: 0; clear: both;\"><\/div>","protected":false},"excerpt":{"rendered":"<p>Alba e cila ka qen\u00eb konkurrent n\u00eb emisionin P\u00ebrputhen n\u00eb Top Channel, ishte k\u00ebt\u00eb t\u00eb diel e ftuar n\u00eb \u201cE diell\u201d. Ajo kishte zgjedhur q\u00eb t\u00eb vishte&#8230; <\/p>\n","protected":false},"author":1,"featured_media":19825,"comment_status":"open","ping_status":"open","sticky":false,"template":"","format":"standard","meta":{"footnotes":""},"categories":[6],"tags":[],"class_list":["post-19824","post","type-post","status-publish","format-standard","has-post-thumbnail","hentry","category-lajme"],"_links":{"self":[{"href":"https:\/\/new.findnews5.com\/index.php?rest_route=\/wp\/v2\/posts\/19824","targetHints":{"allow":["GET"]}}],"collection":[{"href":"https:\/\/new.findnews5.com\/index.php?rest_route=\/wp\/v2\/posts"}],"about":[{"href":"https:\/\/new.findnews5.com\/index.php?rest_route=\/wp\/v2\/types\/post"}],"author":[{"embeddable":true,"href":"https:\/\/new.findnews5.com\/index.php?rest_route=\/wp\/v2\/users\/1"}],"replies":[{"embeddable":true,"href":"https:\/\/new.findnews5.com\/index.php?rest_route=%2Fwp%2Fv2%2Fcomments&post=19824"}],"version-history":[{"count":0,"href":"https:\/\/new.findnews5.com\/index.php?rest_route=\/wp\/v2\/posts\/19824\/revisions"}],"wp:featuredmedia":[{"embeddable":true,"href":"https:\/\/new.findnews5.com\/index.php?rest_route=\/wp\/v2\/media\/19825"}],"wp:attachment":[{"href":"https:\/\/new.findnews5.com\/index.php?rest_route=%2Fwp%2Fv2%2Fmedia&parent=19824"}],"wp:term":[{"taxonomy":"category","embeddable":true,"href":"https:\/\/new.findnews5.com\/index.php?rest_route=%2Fwp%2Fv2%2Fcategories&post=19824"},{"taxonomy":"post_tag","embeddable":true,"href":"https:\/\/new.findnews5.com\/index.php?rest_route=%2Fwp%2Fv2%2Ftags&post=19824"}],"curies":[{"name":"wp","href":"https:\/\/api.w.org\/{rel}","templated":true}]}}