{"id":19806,"date":"2024-07-07T17:09:13","date_gmt":"2024-07-07T17:09:13","guid":{"rendered":"https:\/\/new.findnews5.com\/?p=19806"},"modified":"2024-07-07T17:09:15","modified_gmt":"2024-07-07T17:09:15","slug":"sot-ne-krahet-e-portierit-te-partizanit-ciljeta-xhilaga-qe-24-vjec-kam-dashur-te-jem-endrra-e-vetem-nje-burri-jo-e-mijera-burrave","status":"publish","type":"post","link":"https:\/\/new.findnews5.com\/?p=19806","title":{"rendered":"Sot n\u00eb krah\u00ebt e portierit t\u00eb Partizanit, \u00c7iljeta Xhilaga: Q\u00eb 24 vje\u00e7 kam dashur t\u00eb jem \u00ebndrra e vet\u00ebm nj\u00eb burri, jo e mij\u00ebra burrave"},"content":{"rendered":"<div class=\"78954ae5fa42b68c1393fe3da4998882\" data-index=\"1\" style=\"float: none; margin:0px 0 0px 0; text-align:center;\">\n<div data-type=\"_mgwidget\" data-widget-id=\"1576712\">\r\n<\/div>\r\n<script>(function(w,q){w[q]=w[q]||[];w[q].push([\"_mgc.load\"])})(window,\"_mgq\");\r\n<\/script>\r\n\n<\/div>\n\n<p>\u00c7iljeta Xhilaga e ftuar n\u00eb podcastin e Mira Kazhanit tregoi dashurin\u00eb e pakufijshme p\u00ebr dy djemt\u00eb dhe partnerin, Albanin.<\/p>\n\n\n\n<p>Gjithashtu artistja u ndal dhe te nj\u00eb intervist\u00eb t\u00eb dh\u00ebn\u00eb shum\u00eb vite m\u00eb par\u00eb, pik\u00ebrisht kur ishte vet\u00ebm 24-vje\u00e7 dhe tregonte \u00ebndrr\u00ebn p\u00ebr t\u00eb pasur nj\u00eb familje t\u00eb sh\u00ebndetshme.<\/p>\n\n\n\n<p>\u201cPo lexoja nj\u00eb dit\u00eb nj\u00eb itnervist\u00eb q\u00eb kam dh\u00ebn\u00eb n\u00eb mosh\u00ebn 24-vje\u00e7are. Po e lexoja me v\u00ebmendje, ka qen\u00eb nj\u00eb nga shkrimet m\u00eb t\u00eb mira q\u00eb m\u00eb \u00ebsht\u00eb b\u00ebr\u00eb aso kohe.<\/p>\n\n\n\n<p>E b\u00ebr\u00eb nga Dalina Buzi dhe duke qen\u00eb se Dalin\u00ebn e kisha komshie dhe m\u00eb njihte dhe b\u00ebri nj\u00eb tregim nj\u00eb p\u00ebrmbledhje e gjith\u00eb jet\u00ebs time dhe po lexoja q\u00eb kisha th\u00ebn\u00eb q\u00eb n\u00eb mosh\u00ebn 24-vje\u00e7 nuk m\u00eb p\u00eblqen m\u00eb v\u00ebmendja, dua t\u00eb krijoj nj\u00eb familje dhe dua t\u00eb jem \u00ebndrra e nj\u00eb burri t\u00eb vet\u00ebm dhe jo e mij\u00ebra burrave t\u00eb tjer\u00eb dhe po qeshja me veten time.<\/p>\n\n\n\n<p>Kjo ndjesi e familjes m\u00eb ka ardhur q\u00eb n\u00eb mosh\u00eb t\u00eb vog\u00ebl sepse un\u00eb jam rritur nga dy prind\u00ebr q\u00eb jan\u00eb dashur gjith jet\u00ebn\u201d, tha \u00c7iljeta nd\u00ebr t\u00eb tjera.<\/p>\n\n<div style=\"font-size: 0px; height: 0px; line-height: 0px; margin: 0; padding: 0; clear: both;\"><\/div>","protected":false},"excerpt":{"rendered":"<p>\u00c7iljeta Xhilaga e ftuar n\u00eb podcastin e Mira Kazhanit tregoi dashurin\u00eb e pakufijshme p\u00ebr dy djemt\u00eb dhe partnerin, Albanin. Gjithashtu artistja u ndal dhe te nj\u00eb intervist\u00eb&#8230; <\/p>\n","protected":false},"author":1,"featured_media":19807,"comment_status":"open","ping_status":"open","sticky":false,"template":"","format":"standard","meta":{"footnotes":""},"categories":[6],"tags":[],"class_list":["post-19806","post","type-post","status-publish","format-standard","has-post-thumbnail","hentry","category-lajme"],"_links":{"self":[{"href":"https:\/\/new.findnews5.com\/index.php?rest_route=\/wp\/v2\/posts\/19806","targetHints":{"allow":["GET"]}}],"collection":[{"href":"https:\/\/new.findnews5.com\/index.php?rest_route=\/wp\/v2\/posts"}],"about":[{"href":"https:\/\/new.findnews5.com\/index.php?rest_route=\/wp\/v2\/types\/post"}],"author":[{"embeddable":true,"href":"https:\/\/new.findnews5.com\/index.php?rest_route=\/wp\/v2\/users\/1"}],"replies":[{"embeddable":true,"href":"https:\/\/new.findnews5.com\/index.php?rest_route=%2Fwp%2Fv2%2Fcomments&post=19806"}],"version-history":[{"count":0,"href":"https:\/\/new.findnews5.com\/index.php?rest_route=\/wp\/v2\/posts\/19806\/revisions"}],"wp:featuredmedia":[{"embeddable":true,"href":"https:\/\/new.findnews5.com\/index.php?rest_route=\/wp\/v2\/media\/19807"}],"wp:attachment":[{"href":"https:\/\/new.findnews5.com\/index.php?rest_route=%2Fwp%2Fv2%2Fmedia&parent=19806"}],"wp:term":[{"taxonomy":"category","embeddable":true,"href":"https:\/\/new.findnews5.com\/index.php?rest_route=%2Fwp%2Fv2%2Fcategories&post=19806"},{"taxonomy":"post_tag","embeddable":true,"href":"https:\/\/new.findnews5.com\/index.php?rest_route=%2Fwp%2Fv2%2Ftags&post=19806"}],"curies":[{"name":"wp","href":"https:\/\/api.w.org\/{rel}","templated":true}]}}