{"id":19799,"date":"2024-07-07T09:49:39","date_gmt":"2024-07-07T09:49:39","guid":{"rendered":"https:\/\/new.findnews5.com\/?p=19799"},"modified":"2024-07-07T09:49:41","modified_gmt":"2024-07-07T09:49:41","slug":"shqiperia-nuk-e-ka-vleresuar-ismail-kadarene-rudolf-marku-ja-kush-jane-dy-armiqte-me-te-medhenj-te-shkrimtarit","status":"publish","type":"post","link":"https:\/\/new.findnews5.com\/?p=19799","title":{"rendered":"\u201cShqip\u00ebria nuk e ka vler\u00ebsuar Ismail Kadaren\u00eb\u201d, Rudolf Marku: Ja kush jan\u00eb dy armiqt\u00eb m\u00eb t\u00eb m\u00ebdhenj t\u00eb shkrimtarit"},"content":{"rendered":"<div class=\"78954ae5fa42b68c1393fe3da4998882\" data-index=\"1\" style=\"float: none; margin:0px 0 0px 0; text-align:center;\">\n<div data-type=\"_mgwidget\" data-widget-id=\"1576712\">\r\n<\/div>\r\n<script>(function(w,q){w[q]=w[q]||[];w[q].push([\"_mgc.load\"])})(window,\"_mgq\");\r\n<\/script>\r\n\n<\/div>\n\n<p>Shkrimtari i mir\u00ebnjohur Rudolf Marku n\u00eb nj\u00eb lidhje live p\u00ebr \u201cArtkand\u201d, me Jetona Ko\u00e7ibellin, n\u00eb nj\u00eb episod kushtuar shkrimtarit t\u00eb madh shqiptar Ismail Kadare, q\u00eb u nda nga jeta m\u00eb 1 korrik, solli n\u00eb v\u00ebmendje vler\u00ebsimin e kombit shqiptar ndaj tij.<\/p>\n\n\n\n<p>Sipas Markut ne nuk e vler\u00ebsojm\u00eb aq sa duhet kolosin e letrave shqipe, kjo sepse sipas tij populli shqiptar ka probleme inferioriteti, nd\u00ebrsa tregoi dy armiqt\u00eb m\u00eb t\u00eb m\u00ebdhenj t\u00eb nj\u00eb shkrimtari shqiptar.<\/p>\n\n\n\n<p>\u201cSot b\u00ebhen 6 dit\u00eb nga kalimi n\u00eb bot\u00ebn e p\u00ebrtejm\u00eb t\u00eb shkrimtarit Ismail Kadare. Nuk do them se \u00e7far\u00eb impakti ka pasur tek un\u00eb, sesa impakti q\u00eb ka patur te shqiptar\u00ebt. K\u00ebto 6 dit\u00eb jan\u00eb t\u00eb mjaftueshme q\u00eb e t\u00eb reflektojm\u00eb p\u00ebr figur\u00ebn e shkrimtarit t\u00eb madh.<\/p>\n\n\n\n<p>Duket se m\u00eb e r\u00ebnd\u00ebsishme p\u00ebr nj\u00eb komb se t\u00eb ket\u00eb ndjer\u00eb t\u00eb m\u00ebdhenj \u00ebsht\u00eb se \u00e7far\u00eb b\u00ebjn\u00eb njer\u00ebzit e kombit t\u00eb vet me figurat e m\u00ebdha. N\u00eb shqiptar\u00ebt nuk jemi t\u00eb v\u00ebmendsh\u00ebm p\u00ebr figurat tona t\u00eb m\u00ebdha.<\/p>\n\n\n\n<p>\u00cbsht\u00eb figur\u00eb e madhe e kombit shqiptar, b\u00ebri nj\u00eb bot\u00eb q\u00eb emri i Shqip\u00ebris\u00eb kishte r\u00ebn\u00eb n\u00eb nj\u00eb letargji, n\u00eb nj\u00eb harres\u00eb. Ishim sinonim i kronikave t\u00eb zeza. Beri ringjalljen e dinjitetit p\u00ebr kombin shqiptar, q\u00eb bota t\u00eb kthej\u00eb v\u00ebmendjen drejt shqiptar\u00ebve dhe gjuh\u00ebs shqipe.<\/p>\n\n\n\n<p>Nj\u00eb shkrimtar q\u00eb nuk e mori \u00e7mimin Nobel, por ka ndejtur kandidat p\u00ebr shum\u00eb vite me radh\u00eb. Nuk jemi t\u00eb p\u00ebrgatitur p\u00ebr t\u2019i dh\u00ebn\u00eb nderimin e duhur Ismail Kadares\u00eb. Ne kemi komplekse inferioriteti. Ne jemi t\u00eb par\u00ebt q\u00eb e lavd\u00ebrojm\u00eb ose e shajm\u00eb Kadaren\u00eb. Dy armiqt\u00eb m\u00eb t\u00eb m\u00ebdhenj t\u00eb shkrimtarit jan\u00eb ata q\u00eb shajn\u00eb, ose ata q\u00eb e lavd\u00ebrojn\u00eb pa e lexuar, q\u00eb edhe k\u00ebta jan\u00eb kategori e rrezikshme\u201d, tha shkrimtari.<\/p>\n\n\n\n<p>K\u00ebt\u00eb t\u00eb m\u00ebrkur\u00eb gjeniu u letrave Ismail Kadare u p\u00ebrcoll p\u00ebr n\u00eb banes\u00ebn e fundit, me duartrokitje dhe karafila t\u00eb bardh\u00eb mbi ark\u00ebmort t\u00eb hedhura nga t\u00eb pranishmit, mes kolanave t\u00eb librave t\u00eb tij, mes vargjeve t\u00eb poezive t\u00eb tij, e patjet\u00ebr njer\u00ebzve t\u00eb shumt\u00eb, q\u00eb erdh\u00ebn ank\u00ebnd Shqip\u00ebris\u00eb e Kosov\u00ebs p\u00ebr ti dh\u00ebn\u00eb lamtumir\u00ebn e fundit.<\/p>\n\n\n\n<p>Ismail Kadare u nda nga jeta t\u00eb h\u00ebn\u00ebn, n\u00eb mosh\u00ebn 88-vje\u00e7are. N\u00eb nder t\u00eb gjeniut, qeveria shpalli dy dit\u00eb zie komb\u00ebtare, 2 dhe 3 korrikun. Vepra e tij do t\u2019ju flas\u00eb brezave p\u00ebrjet\u00ebsisht. P\u00ebr kolosin e let\u00ebrsis\u00eb shqipe, koleg\u00ebt, miqt\u00eb, familjar\u00ebt e njer\u00ebzit q\u00eb e desh\u00ebn n\u00ebp\u00ebrmjet vepr\u00ebs e kujtojn\u00eb k\u00ebshtu.<\/p>\n\n<div style=\"font-size: 0px; height: 0px; line-height: 0px; margin: 0; padding: 0; clear: both;\"><\/div>","protected":false},"excerpt":{"rendered":"<p>Shkrimtari i mir\u00ebnjohur Rudolf Marku n\u00eb nj\u00eb lidhje live p\u00ebr \u201cArtkand\u201d, me Jetona Ko\u00e7ibellin, n\u00eb nj\u00eb episod kushtuar shkrimtarit t\u00eb madh shqiptar Ismail Kadare, q\u00eb u nda&#8230; <\/p>\n","protected":false},"author":1,"featured_media":19800,"comment_status":"open","ping_status":"open","sticky":false,"template":"","format":"standard","meta":{"footnotes":""},"categories":[6],"tags":[],"class_list":["post-19799","post","type-post","status-publish","format-standard","has-post-thumbnail","hentry","category-lajme"],"_links":{"self":[{"href":"https:\/\/new.findnews5.com\/index.php?rest_route=\/wp\/v2\/posts\/19799","targetHints":{"allow":["GET"]}}],"collection":[{"href":"https:\/\/new.findnews5.com\/index.php?rest_route=\/wp\/v2\/posts"}],"about":[{"href":"https:\/\/new.findnews5.com\/index.php?rest_route=\/wp\/v2\/types\/post"}],"author":[{"embeddable":true,"href":"https:\/\/new.findnews5.com\/index.php?rest_route=\/wp\/v2\/users\/1"}],"replies":[{"embeddable":true,"href":"https:\/\/new.findnews5.com\/index.php?rest_route=%2Fwp%2Fv2%2Fcomments&post=19799"}],"version-history":[{"count":0,"href":"https:\/\/new.findnews5.com\/index.php?rest_route=\/wp\/v2\/posts\/19799\/revisions"}],"wp:featuredmedia":[{"embeddable":true,"href":"https:\/\/new.findnews5.com\/index.php?rest_route=\/wp\/v2\/media\/19800"}],"wp:attachment":[{"href":"https:\/\/new.findnews5.com\/index.php?rest_route=%2Fwp%2Fv2%2Fmedia&parent=19799"}],"wp:term":[{"taxonomy":"category","embeddable":true,"href":"https:\/\/new.findnews5.com\/index.php?rest_route=%2Fwp%2Fv2%2Fcategories&post=19799"},{"taxonomy":"post_tag","embeddable":true,"href":"https:\/\/new.findnews5.com\/index.php?rest_route=%2Fwp%2Fv2%2Ftags&post=19799"}],"curies":[{"name":"wp","href":"https:\/\/api.w.org\/{rel}","templated":true}]}}