{"id":19796,"date":"2024-07-07T09:47:32","date_gmt":"2024-07-07T09:47:32","guid":{"rendered":"https:\/\/new.findnews5.com\/?p=19796"},"modified":"2024-07-07T09:47:33","modified_gmt":"2024-07-07T09:47:33","slug":"argjira-spanca-shtatzene-moderatorja-e-njohur-bene-deklaraten-e-bujshme-me-eshte-rritur-barku-se","status":"publish","type":"post","link":"https:\/\/new.findnews5.com\/?p=19796","title":{"rendered":"Argjira Spanca shtatz\u00ebn\u00eb? Moderatorja e njohur b\u00ebn\u00eb DEKLARATEN e bujshme \u2018M\u00eb \u00ebsht\u00eb rritur barku se\u2026\u2019"},"content":{"rendered":"<div class=\"78954ae5fa42b68c1393fe3da4998882\" data-index=\"1\" style=\"float: none; margin:0px 0 0px 0; text-align:center;\">\n<div data-type=\"_mgwidget\" data-widget-id=\"1576712\">\r\n<\/div>\r\n<script>(function(w,q){w[q]=w[q]||[];w[q].push([\"_mgc.load\"])})(window,\"_mgq\");\r\n<\/script>\r\n\n<\/div>\n\n<p>E ftuar n\u00eb nj\u00eb emision televiziv mbr\u00ebmjen e sotme ka qen\u00eb moderatorja e njohur Argjira Spanca. <\/p>\n\n\n\n<p>Gjat\u00eb bised\u00ebs s\u00eb saj me Manushin ajo ka b\u00ebr\u00eb nj\u00eb deklarat\u00eb \u201ct\u00eb papritur\u201d, teksa shprehet se k\u00ebto koh\u00eb i \u00ebsht\u00eb rritur pak barku.<\/p>\n\n\n\n<p>Epo e ka dhe nj\u00eb arsye. Nga konsumimi i birrave t\u00eb shumta, t\u00eb cilat e shoq\u00ebrojn\u00eb \u00e7do mbr\u00ebmje n\u00eb \u00e7do ndeshje q\u00eb ajo shikon, kan\u00eb ndikuar n\u00eb rritjen e barkut t\u00eb saj.<\/p>\n\n\n\n<p>\u201cFaktikisht ndjek \u00e7do ndeshje, nat\u00eb p\u00ebr nat\u00eb. Madje kam v\u00ebn\u00eb dhe pak bark nga birrat, se nat\u00eb p\u00ebr nat\u00eb t\u2019u pa aty me ndonj\u00eb birr\u00eb\u2026\u201d<\/p>\n\n\n\n<p>Ose mund t\u00eb jet\u00eb dhe ndonj\u00eb gj\u00eb tjet\u00ebr ku i dihet edhe pse Argjira e ka theksuar se nuk \u00ebsht\u00eb shtatz\u00ebn\u00eb. Epo mbetet p\u00ebr t\u2019u par\u00eb\u2026<\/p>\n\n<div style=\"font-size: 0px; height: 0px; line-height: 0px; margin: 0; padding: 0; clear: both;\"><\/div>","protected":false},"excerpt":{"rendered":"<p>E ftuar n\u00eb nj\u00eb emision televiziv mbr\u00ebmjen e sotme ka qen\u00eb moderatorja e njohur Argjira Spanca. Gjat\u00eb bised\u00ebs s\u00eb saj me Manushin ajo ka b\u00ebr\u00eb nj\u00eb deklarat\u00eb&#8230; <\/p>\n","protected":false},"author":1,"featured_media":19797,"comment_status":"open","ping_status":"open","sticky":false,"template":"","format":"standard","meta":{"footnotes":""},"categories":[6],"tags":[],"class_list":["post-19796","post","type-post","status-publish","format-standard","has-post-thumbnail","hentry","category-lajme"],"_links":{"self":[{"href":"https:\/\/new.findnews5.com\/index.php?rest_route=\/wp\/v2\/posts\/19796","targetHints":{"allow":["GET"]}}],"collection":[{"href":"https:\/\/new.findnews5.com\/index.php?rest_route=\/wp\/v2\/posts"}],"about":[{"href":"https:\/\/new.findnews5.com\/index.php?rest_route=\/wp\/v2\/types\/post"}],"author":[{"embeddable":true,"href":"https:\/\/new.findnews5.com\/index.php?rest_route=\/wp\/v2\/users\/1"}],"replies":[{"embeddable":true,"href":"https:\/\/new.findnews5.com\/index.php?rest_route=%2Fwp%2Fv2%2Fcomments&post=19796"}],"version-history":[{"count":0,"href":"https:\/\/new.findnews5.com\/index.php?rest_route=\/wp\/v2\/posts\/19796\/revisions"}],"wp:featuredmedia":[{"embeddable":true,"href":"https:\/\/new.findnews5.com\/index.php?rest_route=\/wp\/v2\/media\/19797"}],"wp:attachment":[{"href":"https:\/\/new.findnews5.com\/index.php?rest_route=%2Fwp%2Fv2%2Fmedia&parent=19796"}],"wp:term":[{"taxonomy":"category","embeddable":true,"href":"https:\/\/new.findnews5.com\/index.php?rest_route=%2Fwp%2Fv2%2Fcategories&post=19796"},{"taxonomy":"post_tag","embeddable":true,"href":"https:\/\/new.findnews5.com\/index.php?rest_route=%2Fwp%2Fv2%2Ftags&post=19796"}],"curies":[{"name":"wp","href":"https:\/\/api.w.org\/{rel}","templated":true}]}}