{"id":19793,"date":"2024-07-07T09:44:38","date_gmt":"2024-07-07T09:44:38","guid":{"rendered":"https:\/\/new.findnews5.com\/?p=19793"},"modified":"2024-07-07T09:44:39","modified_gmt":"2024-07-07T09:44:39","slug":"nderron-jete-e-reja-nga-prishtina-vuante-nga-nje-semundje-e-rende","status":"publish","type":"post","link":"https:\/\/new.findnews5.com\/?p=19793","title":{"rendered":"Nd\u00ebrron jet\u00eb e reja nga Prishtina, vuante nga nj\u00eb s\u00ebmundje e r\u00ebnd\u00eb"},"content":{"rendered":"<div class=\"78954ae5fa42b68c1393fe3da4998882\" data-index=\"1\" style=\"float: none; margin:0px 0 0px 0; text-align:center;\">\n<div data-type=\"_mgwidget\" data-widget-id=\"1576712\">\r\n<\/div>\r\n<script>(function(w,q){w[q]=w[q]||[];w[q].push([\"_mgc.load\"])})(window,\"_mgq\");\r\n<\/script>\r\n\n<\/div>\n\n<p>Vlora Aliu Memini vdiq pas nj\u00eb s\u00ebmundje t\u00eb shkurt\u00ebr. Lajmin p\u00ebr vdekjen e Meminit e ka b\u00ebr\u00eb t\u00eb ditur familja e t\u00eb ndjer\u00ebs, ku kan\u00eb treguar edhe p\u00ebr ceremonin\u00eb e varrimit.<\/p>\n\n\n\n<p>Sipas familjar\u00ebve, varrimi i t\u00eb ndjer\u00ebs do t\u00eb b\u00ebhet sot me vaktin e ikindis\u00eb n\u00eb varrezat e Dragodanit.<\/p>\n\n\n\n<p>E reja nga Prishtina u nda nga jeta n\u00eb or\u00ebt e para t\u00eb m\u00ebngjesit t\u00eb sot\u00ebm pas nj\u00eb s\u00ebmundje t\u00eb shkurt\u00ebr.<\/p>\n\n<div style=\"font-size: 0px; height: 0px; line-height: 0px; margin: 0; padding: 0; clear: both;\"><\/div>","protected":false},"excerpt":{"rendered":"<p>Vlora Aliu Memini vdiq pas nj\u00eb s\u00ebmundje t\u00eb shkurt\u00ebr. Lajmin p\u00ebr vdekjen e Meminit e ka b\u00ebr\u00eb t\u00eb ditur familja e t\u00eb ndjer\u00ebs, ku kan\u00eb treguar edhe&#8230; <\/p>\n","protected":false},"author":1,"featured_media":19794,"comment_status":"open","ping_status":"open","sticky":false,"template":"","format":"standard","meta":{"footnotes":""},"categories":[6],"tags":[],"class_list":["post-19793","post","type-post","status-publish","format-standard","has-post-thumbnail","hentry","category-lajme"],"_links":{"self":[{"href":"https:\/\/new.findnews5.com\/index.php?rest_route=\/wp\/v2\/posts\/19793","targetHints":{"allow":["GET"]}}],"collection":[{"href":"https:\/\/new.findnews5.com\/index.php?rest_route=\/wp\/v2\/posts"}],"about":[{"href":"https:\/\/new.findnews5.com\/index.php?rest_route=\/wp\/v2\/types\/post"}],"author":[{"embeddable":true,"href":"https:\/\/new.findnews5.com\/index.php?rest_route=\/wp\/v2\/users\/1"}],"replies":[{"embeddable":true,"href":"https:\/\/new.findnews5.com\/index.php?rest_route=%2Fwp%2Fv2%2Fcomments&post=19793"}],"version-history":[{"count":0,"href":"https:\/\/new.findnews5.com\/index.php?rest_route=\/wp\/v2\/posts\/19793\/revisions"}],"wp:featuredmedia":[{"embeddable":true,"href":"https:\/\/new.findnews5.com\/index.php?rest_route=\/wp\/v2\/media\/19794"}],"wp:attachment":[{"href":"https:\/\/new.findnews5.com\/index.php?rest_route=%2Fwp%2Fv2%2Fmedia&parent=19793"}],"wp:term":[{"taxonomy":"category","embeddable":true,"href":"https:\/\/new.findnews5.com\/index.php?rest_route=%2Fwp%2Fv2%2Fcategories&post=19793"},{"taxonomy":"post_tag","embeddable":true,"href":"https:\/\/new.findnews5.com\/index.php?rest_route=%2Fwp%2Fv2%2Ftags&post=19793"}],"curies":[{"name":"wp","href":"https:\/\/api.w.org\/{rel}","templated":true}]}}