{"id":19789,"date":"2024-07-07T09:41:29","date_gmt":"2024-07-07T09:41:29","guid":{"rendered":"https:\/\/new.findnews5.com\/?p=19789"},"modified":"2024-07-07T09:41:30","modified_gmt":"2024-07-07T09:41:30","slug":"evi-kokalari-sfidon-argita-malltezin-dhe-pyet-te-atin-do-te-garoj-me-te-per-kryetare-te-pd-se-si-thua-sali-berisha","status":"publish","type":"post","link":"https:\/\/new.findnews5.com\/?p=19789","title":{"rendered":"Evi Kokalari sfidon Argita Malltezin dhe pyet t\u00eb atin: Do t\u00eb garoj me t\u00eb p\u00ebr kryetare t\u00eb PD-s\u00eb, si thua, Sali Berisha?"},"content":{"rendered":"<div class=\"78954ae5fa42b68c1393fe3da4998882\" data-index=\"1\" style=\"float: none; margin:0px 0 0px 0; text-align:center;\">\n<div data-type=\"_mgwidget\" data-widget-id=\"1576712\">\r\n<\/div>\r\n<script>(function(w,q){w[q]=w[q]||[];w[q].push([\"_mgc.load\"])})(window,\"_mgq\");\r\n<\/script>\r\n\n<\/div>\n\n<p>Aktivistja shqiptaro-amerikane, Evi Kokalari e cila papritur u b\u00eb pjes\u00eb e grupimit t\u00eb Sali Berish\u00ebs dhe m\u00eb pas u kthye n\u00eb kritik\u00ebn e tij ka&nbsp;reaguar lidhur me \u201cthashethemet\u201d dhe situat\u00ebn brenda Partis\u00eb Demokratike.<\/p>\n\n\n\n<p>Nd\u00ebrsa thuhet se vajza e ish-kryeministrit Sali Berisha, Argita Malltezi, do t\u00eb futet n\u00eb gar\u00eb p\u00ebr tu b\u00ebr\u00eb kryetare e forc\u00ebs politike e cila prej shum\u00eb vitesh ka qen\u00eb n\u00ebn ndikimin e t\u00eb atit, Kokalari s\u2019ka nguruar q\u00eb t\u00eb sfidoj\u00eb hapur Malltezin.<\/p>\n\n\n\n<p>Nga Amerika, aty ku dhe jeton, Kokalari shprehet se n\u00ebse Malltezi futet n\u00eb gar\u00eb p\u00ebr kreun e PD-s\u00eb, at\u00ebhere ajo do t\u00eb kthehet n\u00eb Shqip\u00ebri dhe t\u2019i bashkohet gar\u00ebs. E p\u00ebr k\u00ebt\u00eb d\u00ebshir\u00eb t\u00eb saj, Kokalari me ironi i k\u00ebrkon \u201cmendim\u201d edhe ish-kryeministrit Sali Berisha.<\/p>\n\n\n\n<p>\u201cNese Argita Malltezi Berisha do hyj ne gare per kryetare te PD-se, do kthehem dhe une te futem ne gare me te. Si thua, Sali Berisha?\u201d,&nbsp;shkruan Kokalari.<\/p>\n\n<div style=\"font-size: 0px; height: 0px; line-height: 0px; margin: 0; padding: 0; clear: both;\"><\/div>","protected":false},"excerpt":{"rendered":"<p>Aktivistja shqiptaro-amerikane, Evi Kokalari e cila papritur u b\u00eb pjes\u00eb e grupimit t\u00eb Sali Berish\u00ebs dhe m\u00eb pas u kthye n\u00eb kritik\u00ebn e tij ka&nbsp;reaguar lidhur me&#8230; <\/p>\n","protected":false},"author":1,"featured_media":19790,"comment_status":"open","ping_status":"open","sticky":false,"template":"","format":"standard","meta":{"footnotes":""},"categories":[6],"tags":[],"class_list":["post-19789","post","type-post","status-publish","format-standard","has-post-thumbnail","hentry","category-lajme"],"_links":{"self":[{"href":"https:\/\/new.findnews5.com\/index.php?rest_route=\/wp\/v2\/posts\/19789","targetHints":{"allow":["GET"]}}],"collection":[{"href":"https:\/\/new.findnews5.com\/index.php?rest_route=\/wp\/v2\/posts"}],"about":[{"href":"https:\/\/new.findnews5.com\/index.php?rest_route=\/wp\/v2\/types\/post"}],"author":[{"embeddable":true,"href":"https:\/\/new.findnews5.com\/index.php?rest_route=\/wp\/v2\/users\/1"}],"replies":[{"embeddable":true,"href":"https:\/\/new.findnews5.com\/index.php?rest_route=%2Fwp%2Fv2%2Fcomments&post=19789"}],"version-history":[{"count":0,"href":"https:\/\/new.findnews5.com\/index.php?rest_route=\/wp\/v2\/posts\/19789\/revisions"}],"wp:featuredmedia":[{"embeddable":true,"href":"https:\/\/new.findnews5.com\/index.php?rest_route=\/wp\/v2\/media\/19790"}],"wp:attachment":[{"href":"https:\/\/new.findnews5.com\/index.php?rest_route=%2Fwp%2Fv2%2Fmedia&parent=19789"}],"wp:term":[{"taxonomy":"category","embeddable":true,"href":"https:\/\/new.findnews5.com\/index.php?rest_route=%2Fwp%2Fv2%2Fcategories&post=19789"},{"taxonomy":"post_tag","embeddable":true,"href":"https:\/\/new.findnews5.com\/index.php?rest_route=%2Fwp%2Fv2%2Ftags&post=19789"}],"curies":[{"name":"wp","href":"https:\/\/api.w.org\/{rel}","templated":true}]}}