{"id":19786,"date":"2024-07-07T09:35:33","date_gmt":"2024-07-07T09:35:33","guid":{"rendered":"https:\/\/new.findnews5.com\/?p=19786"},"modified":"2024-07-07T09:35:35","modified_gmt":"2024-07-07T09:35:35","slug":"historia-e-margarita-e-kristaq-tutulani-si-u-vrane-me-6-korrik-1943-moter-e-vella","status":"publish","type":"post","link":"https:\/\/new.findnews5.com\/?p=19786","title":{"rendered":"Historia e Margarita e Kristaq Tutulani, si u vran\u00eb m\u00eb 6 korrik 1943, mot\u00ebr e v\u00eblla!"},"content":{"rendered":"<div class=\"78954ae5fa42b68c1393fe3da4998882\" data-index=\"1\" style=\"float: none; margin:0px 0 0px 0; text-align:center;\">\n<div data-type=\"_mgwidget\" data-widget-id=\"1576712\">\r\n<\/div>\r\n<script>(function(w,q){w[q]=w[q]||[];w[q].push([\"_mgc.load\"])})(window,\"_mgq\");\r\n<\/script>\r\n\n<\/div>\n\n<p>M\u00eb 6 korrik 1943 pushkatohen n\u00eb Gos\u00eb t\u00eb Kavaj\u00ebs Kristaq dhe Margarita Tutulani, ikonat heroike t\u00eb qytetit t\u00eb Beratit. Familja e Tutulan\u00ebve njihet historikisht si nj\u00eb nga familjet beratase me ndjenja t\u00eb thella patriotike. F\u00ebmij\u00ebt e k\u00ebsaj familje ushqeheshin me dashurin\u00eb p\u00ebr Atdheun.<\/p>\n\n\n\n<figure class=\"wp-block-image\"><img decoding=\"async\" src=\"https:\/\/cdnimpuls.com\/dritare.net\/media3\/-640-0-6688fcb72cb17.jpg\" alt=\"Historia e Margarita e Kristaq Tutulani, si u vran\u00eb m\u00eb 6 korrik 1943,\"\/><\/figure>\n\n\n\n<p><em><strong>Kjo foto e rrall\u00eb \u00ebsht\u00eb b\u00ebr\u00eb n\u00eb Voskopoj\u00eb. N\u00eb t\u00eb, ve\u00e7 Margarit\u00ebs dhe Kristaqit, jan\u00eb edhe f\u00ebmij\u00eb t\u00eb tjer\u00eb t\u00eb familjes.<\/strong><\/em><\/p>\n\n\n\n<p>Milto Tutulani, i ati i Kristaqit dhe Margarit\u00ebs, ka qen\u00eb 14 vjet deputet si dhe minist\u00ebr i Financave dhe Drejt\u00ebsis\u00eb n\u00eb qeverin\u00eb e Zogut, daja, i tyre ishte Sotir Kolea, l\u00ebvrues i gjuh\u00ebs shqipe dhe bibliofil i shquar.<\/p>\n\n\n\n<p>Familja e Tutulan\u00ebve ishte baz\u00eb e Luft\u00ebs, aty strehoheshin Kahreman Ylli, Ajet Xhindole, Kristaq Capo, Myqerem Fuga, Thoma Bello, Ali Shehu, Mane Nishova, Gjin Marku, Ramiz Aranitasi, shum\u00eb guerilas, t\u00eb rinj komunist\u00eb, por edhe gra e vajza, me t\u00eb cil\u00ebt merrej Margarita.<\/p>\n\n\n\n<p>Margarita<\/p>\n\n\n\n<p>N\u00eb qershor 1942 Margarita nd\u00ebrpret studimet n\u00eb Institutin Fem\u00ebror t\u00eb Tiran\u00ebs dhe vjen n\u00eb Berat e ngarkuar me detyr\u00eb organizimin e popullit n\u00eb luft\u00eb kund\u00ebr fashizmit. N\u00eb fillim veprimtaria e Margarit\u00ebs ishte gati legale, ajo shkonte lagje m\u00eb lagje dhe b\u00ebnte mbledhje me grat\u00eb e t\u00eb rejat. Demonstrata e 28 N\u00ebntorit e vitit 1942 n\u00eb Berat, mund t\u00eb themi se ishte kryesisht vep\u00ebr e saj. Demonstruesit u nis\u00ebn nga rruga kryesore e qytetit, gris\u00ebn flamujt e fashist\u00ebve, kaluan para burgut dhe duke brohoritur k\u00ebrkonin lirimin e t\u00eb burgosurve, hidhnin parulla kund\u00ebr fashizmit. N\u00eb krye t\u00eb demonstruesve printe Margarita.<\/p>\n\n\n\n<p>N\u00eb k\u00ebt\u00eb manifestim antifashist, p\u00ebrpara mij\u00ebra vetave, ku gjith\u00eb Berati kishte dal\u00eb n\u00eb rrug\u00eb, n\u00eb shkall\u00ebt e p\u00ebrmendores kushtuar D\u00ebshmor\u00ebve Rilindas, Margarita mbajti nj\u00eb fjalim t\u00eb zjarrt\u00eb. P\u00ebrkrah saj ishte edhe Kristaqi q\u00eb sapo kishte ardhur nga Italia. Duke par\u00eb k\u00ebt\u00eb entuziaz\u00ebm t\u00eb madh, fashist\u00ebt rrethuan demonstruesit dhe q\u00ebllimi i tyre ishte arrestimi i Margarit\u00ebs. Por fal\u00eb popullit q\u00eb e futi n\u00eb mes dhe m\u00eb pas e fshehu, Margarita shp\u00ebtoi. Q\u00eb nga ajo dit\u00eb ajo u hodh n\u00eb ilegalitet dhe nd\u00ebrroi edhe baz\u00ebn ku rrinte.<\/p>\n\n\n\n<p>Kristaqi<\/p>\n\n\n\n<p>Ashtu si Margarita edhe Kristaqi n\u00eb tetor t\u00eb vitit 1942 la studimet n\u00eb Firence t\u00eb Italis\u00eb p\u00ebr Drejt\u00ebsi dhe erdhi n\u00eb Berat ku u lidh menj\u00ebher\u00eb me L\u00ebvizjen Nacional\u00e7lrimtare. Portreti i Kristaqit, ishte portet i nj\u00eb intelektuali t\u00eb formuar n\u00eb t\u00eb gjitha pik\u00ebpamjet, i rregullt dhe i kujdessh\u00ebm edhe n\u00eb m\u00ebnyrat e thjeshta t\u00eb veprimit, n\u00eb t\u00eb veshur, n\u00eb t\u00eb folur, n\u00eb t\u00eb ecur. Ai nuk ishte patetik. N\u00eb fjal\u00ebn e tij sundonte logjika dhe argumenti. Ai ishte nj\u00eb propagandist i palodhur, i lindur p\u00ebr at\u00eb pun\u00eb, njeri me kultur\u00eb t\u00eb lart\u00eb, q\u00eb zot\u00ebronte tri-kat\u00ebr gjuh\u00eb, njoh\u00ebs dhe p\u00ebrkthyes i kolos\u00ebve bot\u00ebror\u00eb t\u00eb let\u00ebrsis\u00eb, krijues dhe vet\u00eb, vazhdues i denj\u00eb shkrimtar\u00ebve t\u00eb viteve \u201930.<\/p>\n\n\n\n<p>Vet\u00ebm p\u00ebr pak muaj, si rezultat i k\u00ebsaj pune agjitative, n\u00eb korrik t\u00eb vitit 1943, gjendja n\u00eb qarkun e Beratit ishte e till\u00eb, Skrapari dhe shum\u00eb komuna e zona ishin \u00e7liruar, ishin ngritur tet\u00eb \u00e7eta dhe kat\u00ebr batalione, ishin b\u00ebr\u00eb shum\u00eb aksione n\u00eb qytet, sidomos vrasja nga nj\u00ebsiti gueril i majorit t\u00eb SIM-it, sulmi ndaj bank\u00ebs etj.<\/p>\n\n\n\n<p>Luft\u00ebtar\u00eb dhe artist\u00eb<\/p>\n\n\n\n<figure class=\"wp-block-image\"><img decoding=\"async\" src=\"https:\/\/cdnimpuls.com\/dritare.net\/media3\/-640-0-6688fde7a66c4.jpg\" alt=\"Historia e Margarita e Kristaq Tutulani, si u vran\u00eb m\u00eb 6 korrik 1943,\"\/><\/figure>\n\n\n\n<p>V\u00eblla e mot\u00ebr kan\u00eb l\u00ebn\u00eb pas, ve\u00e7 shembullit t\u00eb vetmohimit, edhe nj\u00eb pasuri letrare me krijime ne poezi, n\u00eb proz\u00eb dhe publicistik\u00eb me vlera t\u00eb ve\u00e7anta dhe shum\u00eb t\u00eb avancuara p\u00ebr koh\u00ebn. Spikat Kristaqi, si njoh\u00ebs i shk\u00eblqyer i kultur\u00ebs bot\u00ebrore, por edhe i shum\u00eb gjuh\u00ebve t\u00eb huaja. Kristaqi \u00ebsht\u00eb i pari q\u00eb e quajti Migjenin \u201curagan i nd\u00ebrprer\u00eb n\u00eb mes\u201d dhe i pari q\u00eb kish nj\u00eb \u00ebnd\u00ebrr p\u00ebr Shqip\u00ebrin\u00eb Demokratike, sipas modelit t\u00eb iluminizimit francez.<\/p>\n\n\n\n<p>Sh\u00ebnimet q\u00eb gjenden sot n\u00eb arkivat e familjes Tutulani, sikurse dhe shum\u00eb detyra studentore, evidentojn\u00eb se t\u00eb dy, v\u00eblla e mot\u00ebr, ishin njer\u00ebz shum\u00eb aktiv, shum\u00eb t\u00eb zgjuar dhe t\u00eb mpreht\u00eb. Ata nuk ishin vet\u00ebm skolastik\u00eb, por edhe njer\u00ebz t\u00eb aksionit, si\u00e7 e provoi koha. Nga Margarita kan\u00eb mbetur poezi, hartime, ditare, mbresa, p\u00ebrshtypje t\u00eb ndryshme dhe shum\u00eb q\u00ebndisje artistike.<\/p>\n\n\n\n<p>Pas Luft\u00ebs s\u00eb Dyt\u00eb Bot\u00ebrore, regjimi komunist i shpalli Heronj t\u00eb Popullit.\/dritare.net<\/p>\n\n\n\n<figure class=\"wp-block-image\"><img decoding=\"async\" src=\"https:\/\/cdnimpuls.com\/dritare.net\/media3\/-640-0-6688fde7a66c4.jpg\" alt=\"\"\/><\/figure>\n\n<div style=\"font-size: 0px; height: 0px; line-height: 0px; margin: 0; padding: 0; clear: both;\"><\/div>","protected":false},"excerpt":{"rendered":"<p>M\u00eb 6 korrik 1943 pushkatohen n\u00eb Gos\u00eb t\u00eb Kavaj\u00ebs Kristaq dhe Margarita Tutulani, ikonat heroike t\u00eb qytetit t\u00eb Beratit. Familja e Tutulan\u00ebve njihet historikisht si nj\u00eb nga&#8230; <\/p>\n","protected":false},"author":1,"featured_media":19787,"comment_status":"open","ping_status":"open","sticky":false,"template":"","format":"standard","meta":{"footnotes":""},"categories":[6],"tags":[],"class_list":["post-19786","post","type-post","status-publish","format-standard","has-post-thumbnail","hentry","category-lajme"],"_links":{"self":[{"href":"https:\/\/new.findnews5.com\/index.php?rest_route=\/wp\/v2\/posts\/19786","targetHints":{"allow":["GET"]}}],"collection":[{"href":"https:\/\/new.findnews5.com\/index.php?rest_route=\/wp\/v2\/posts"}],"about":[{"href":"https:\/\/new.findnews5.com\/index.php?rest_route=\/wp\/v2\/types\/post"}],"author":[{"embeddable":true,"href":"https:\/\/new.findnews5.com\/index.php?rest_route=\/wp\/v2\/users\/1"}],"replies":[{"embeddable":true,"href":"https:\/\/new.findnews5.com\/index.php?rest_route=%2Fwp%2Fv2%2Fcomments&post=19786"}],"version-history":[{"count":0,"href":"https:\/\/new.findnews5.com\/index.php?rest_route=\/wp\/v2\/posts\/19786\/revisions"}],"wp:featuredmedia":[{"embeddable":true,"href":"https:\/\/new.findnews5.com\/index.php?rest_route=\/wp\/v2\/media\/19787"}],"wp:attachment":[{"href":"https:\/\/new.findnews5.com\/index.php?rest_route=%2Fwp%2Fv2%2Fmedia&parent=19786"}],"wp:term":[{"taxonomy":"category","embeddable":true,"href":"https:\/\/new.findnews5.com\/index.php?rest_route=%2Fwp%2Fv2%2Fcategories&post=19786"},{"taxonomy":"post_tag","embeddable":true,"href":"https:\/\/new.findnews5.com\/index.php?rest_route=%2Fwp%2Fv2%2Ftags&post=19786"}],"curies":[{"name":"wp","href":"https:\/\/api.w.org\/{rel}","templated":true}]}}