{"id":19782,"date":"2024-07-06T13:25:33","date_gmt":"2024-07-06T13:25:33","guid":{"rendered":"https:\/\/new.findnews5.com\/?p=19782"},"modified":"2024-07-06T13:25:34","modified_gmt":"2024-07-06T13:25:34","slug":"cun-lajci-porosi-granit-xhakes-para-ndeshjes-me-angline-merre-hakun-e-isa-boletinit","status":"publish","type":"post","link":"https:\/\/new.findnews5.com\/?p=19782","title":{"rendered":"\u00c7un Laj\u00e7i, porosi Granit Xhak\u00ebs para ndeshjes me Anglin\u00eb: Merre hakun e Isa Boletinit!"},"content":{"rendered":"<div class=\"78954ae5fa42b68c1393fe3da4998882\" data-index=\"1\" style=\"float: none; margin:0px 0 0px 0; text-align:center;\">\n<div data-type=\"_mgwidget\" data-widget-id=\"1576712\">\r\n<\/div>\r\n<script>(function(w,q){w[q]=w[q]||[];w[q].push([\"_mgc.load\"])})(window,\"_mgq\");\r\n<\/script>\r\n\n<\/div>\n<p>Aktori dhe shkrimtari \u00c7un Laj\u00e7i, i ka shkruar disa vargje p\u00ebr futbollistin nga Kosova Granit Xhaka. Kapiteni i komb\u00ebtares s\u00eb Zvicr\u00ebs, sonte do t\u00eb ndeshet n\u00eb ndeshjen \u00e7erekfinale me Anglin\u00eb.<\/p>\n<p>E Laj\u00e7i, ka k\u00ebrkuar nga Xhaka q\u00eb t\u00eb marr\u00eb hakun p\u00ebr Isa Boletinin, p\u00ebrcjell Bota sot. Reagimi i tij n\u00eb Facebook:<\/p>\n<p>Gur apo Granit? Cili do t&#8217;jesh sonte?<br \/>\nK\u00ebte na e d\u00ebshmo me kok\u00ebn e kthjell\u00ebt e k\u00ebmb\u00ebt si era!<\/p>\n<p>Kudo do ti kesh zogj\u00ebt e shqip\u00ebs, sepse tani jemi b\u00ebr\u00eb sp\u00ebrkal\u00eb gjithandej bot\u00ebs. Tribinat do ti kesh\u00eb mbase me flamujt helvet por dije se mbas asaj fushe t\u00eb kuqe me nj\u00eb kryq t\u00eb bardh\u00eb, jan\u00eb shqiptar\u00ebt tu me nga nj\u00eb shqipe n&#8217;zem\u00ebr q\u00eb e duan fitor\u00ebn t\u00ebnde dhe t\u00eb Shaqir Grish\u00ebs, atij trimit n&#8217;telat e sharkis\u00eb e t&#8217;Jasharit hije r\u00ebnd\u00eb!<\/p>\n<p>&#8211; E kuptove se \u00e7far\u00eb deshta t\u00eb t\u00eb them p\u00ebr dy krah\u00ebt e shqipes q\u00eb do t\u00eb t\u00eb b\u00ebjn\u00eb hije sonte!?<br \/>\n&#8211; Granit, Shaqir e Jashar! Apo, gur e xherdan e zem\u00ebr!<\/p>\n<p>Her\u00ebn e par\u00eb t\u00eb shkrova nga Cyrihu dhe na g\u00ebzove me fitore. Tani t\u00eb jam afrua edhe m\u00eb shum\u00eb! K\u00ebtu m&#8217;ke n\u00eb Frankfurt, por jo edhe n\u00eb Dyzeldorf, n&#8217;tribina si mija shqiptar\u00eb, se mua xhepat mu kan\u00eb shkye duke bartur vitet rrug\u00ebve t&#8217;atdheut!<\/p>\n<p>Italin\u00eb e ktheve mbrap\u00ebsht dhe qeshe! Qeshu edhe sonte kur t&#8217;ma kthesh Inglizin te Mbreti, se njiher\u00eb e dikur na e mori arin n&#8217;Trep\u00e7\u00eb, dhe fare s&#8217;e pyeti Is\u00eb Boletinin!<\/p>\n<p>&#8211; Tregoju se je st\u00ebrnip i tij dhe merrja hakun!<br \/>\nMos u ngrys dhe mos u p\u00ebrkul se boll e ulem kok\u00ebn nd\u00ebr shekuj!<\/p>\n<p>Rri drejt e drejt shyto e shkyje rrjet\u00ebn i thuej Xherdanit e Jasharit!<br \/>\nFrankfurt, 6 korrik 2024<\/p>\n<p><iframe loading=\"lazy\" src=\"https:\/\/www.facebook.com\/plugins\/video.php?height=314&#038;href=https%3A%2F%2Fwww.facebook.com%2Fqunlajqii%2Fvideos%2F1150471322770251%2F&#038;show_text=false&#038;width=560&#038;t=0\" width=\"560\" height=\"314\" style=\"border:none;overflow:hidden\" scrolling=\"no\" frameborder=\"0\" allowfullscreen=\"true\" allow=\"autoplay; clipboard-write; encrypted-media; picture-in-picture; web-share\" allowFullScreen=\"true\"><\/iframe><\/p>\n\n<div style=\"font-size: 0px; height: 0px; line-height: 0px; margin: 0; padding: 0; clear: both;\"><\/div>","protected":false},"excerpt":{"rendered":"<p>Aktori dhe shkrimtari \u00c7un Laj\u00e7i, i ka shkruar disa vargje p\u00ebr futbollistin nga Kosova Granit Xhaka. Kapiteni i komb\u00ebtares s\u00eb Zvicr\u00ebs, sonte do t\u00eb ndeshet n\u00eb ndeshjen&#8230; <\/p>\n","protected":false},"author":1,"featured_media":19783,"comment_status":"open","ping_status":"open","sticky":false,"template":"","format":"standard","meta":{"footnotes":""},"categories":[6],"tags":[],"class_list":["post-19782","post","type-post","status-publish","format-standard","has-post-thumbnail","hentry","category-lajme"],"_links":{"self":[{"href":"https:\/\/new.findnews5.com\/index.php?rest_route=\/wp\/v2\/posts\/19782","targetHints":{"allow":["GET"]}}],"collection":[{"href":"https:\/\/new.findnews5.com\/index.php?rest_route=\/wp\/v2\/posts"}],"about":[{"href":"https:\/\/new.findnews5.com\/index.php?rest_route=\/wp\/v2\/types\/post"}],"author":[{"embeddable":true,"href":"https:\/\/new.findnews5.com\/index.php?rest_route=\/wp\/v2\/users\/1"}],"replies":[{"embeddable":true,"href":"https:\/\/new.findnews5.com\/index.php?rest_route=%2Fwp%2Fv2%2Fcomments&post=19782"}],"version-history":[{"count":0,"href":"https:\/\/new.findnews5.com\/index.php?rest_route=\/wp\/v2\/posts\/19782\/revisions"}],"wp:featuredmedia":[{"embeddable":true,"href":"https:\/\/new.findnews5.com\/index.php?rest_route=\/wp\/v2\/media\/19783"}],"wp:attachment":[{"href":"https:\/\/new.findnews5.com\/index.php?rest_route=%2Fwp%2Fv2%2Fmedia&parent=19782"}],"wp:term":[{"taxonomy":"category","embeddable":true,"href":"https:\/\/new.findnews5.com\/index.php?rest_route=%2Fwp%2Fv2%2Fcategories&post=19782"},{"taxonomy":"post_tag","embeddable":true,"href":"https:\/\/new.findnews5.com\/index.php?rest_route=%2Fwp%2Fv2%2Ftags&post=19782"}],"curies":[{"name":"wp","href":"https:\/\/api.w.org\/{rel}","templated":true}]}}