{"id":19773,"date":"2024-07-06T13:13:53","date_gmt":"2024-07-06T13:13:53","guid":{"rendered":"https:\/\/new.findnews5.com\/?p=19773"},"modified":"2024-07-06T13:13:54","modified_gmt":"2024-07-06T13:13:54","slug":"skandal-te-ekonomiku-pedagogu-gjakos-kolegen-ulerimat-ne-korridor-nderpresin-provimet-e-studenteve","status":"publish","type":"post","link":"https:\/\/new.findnews5.com\/?p=19773","title":{"rendered":"Skandal te Ekonomiku, pedagogu gjakos kolegen, ul\u00ebrimat n\u00eb korridor nd\u00ebrpresin provimet e student\u00ebve"},"content":{"rendered":"<div class=\"78954ae5fa42b68c1393fe3da4998882\" data-index=\"1\" style=\"float: none; margin:0px 0 0px 0; text-align:center;\">\n<div data-type=\"_mgwidget\" data-widget-id=\"1576712\">\r\n<\/div>\r\n<script>(function(w,q){w[q]=w[q]||[];w[q].push([\"_mgc.load\"])})(window,\"_mgq\");\r\n<\/script>\r\n\n<\/div>\n<p>Nj\u00eb ngjarje e r\u00ebnd\u00eb \u00ebsht\u00eb sh\u00ebnuar dit\u00ebn e sotme ku dy pedagog\u00eb jan\u00eb konfliktuar me nj\u00ebri-tjetrin n\u00eb ambientet e Fakultetit t\u00eb Ekonomis\u00eb n\u00eb Universitetin e Tiran\u00ebs.<\/p>\n<p>Nd\u00ebrsa nuk dihe ende shkaqet e k\u00ebtij konflikti m\u00ebsohet se grindja mes tyre ka nisur me shtyrje dhe sipas informacioneve t\u00eb marra nga \u201cOra Ne\u00ebws\u201d m\u00ebsohet se profesori M. A ka goditur kolegen L.B n\u00eb korridorin e Ekonomikut.<\/p>\n<p>N\u00eb momentin e sherrit disa student\u00eb kan\u00eb qen\u00eb duke zhvilluar provimin e sezonit e nd\u00ebrsa pas ul\u00ebrim\u00ebs s\u00eb pedagoges, ata kan\u00eb dal\u00eb jasht\u00eb sallave p\u00ebr t\u00eb par\u00eb \u00e7far\u00eb po ndodhte. Nd\u00ebrkaq \u00ebsht\u00eb konstatuar se ambientet e korridorit kan\u00eb qen\u00eb me njolla gjaku.<\/p>\n<p>Ende nuk dihet shkaqet e k\u00ebtij incidenti, por m\u00ebsohet se efektiv\u00ebt e Komisariatit nr. 1 n\u00eb kryeqytet po merren me rastin n\u00eb fjal\u00eb.<\/p>\n\n<div style=\"font-size: 0px; height: 0px; line-height: 0px; margin: 0; padding: 0; clear: both;\"><\/div>","protected":false},"excerpt":{"rendered":"<p>Nj\u00eb ngjarje e r\u00ebnd\u00eb \u00ebsht\u00eb sh\u00ebnuar dit\u00ebn e sotme ku dy pedagog\u00eb jan\u00eb konfliktuar me nj\u00ebri-tjetrin n\u00eb ambientet e Fakultetit t\u00eb Ekonomis\u00eb n\u00eb Universitetin e Tiran\u00ebs. Nd\u00ebrsa&#8230; <\/p>\n","protected":false},"author":1,"featured_media":19774,"comment_status":"open","ping_status":"open","sticky":false,"template":"","format":"standard","meta":{"footnotes":""},"categories":[6],"tags":[],"class_list":["post-19773","post","type-post","status-publish","format-standard","has-post-thumbnail","hentry","category-lajme"],"_links":{"self":[{"href":"https:\/\/new.findnews5.com\/index.php?rest_route=\/wp\/v2\/posts\/19773","targetHints":{"allow":["GET"]}}],"collection":[{"href":"https:\/\/new.findnews5.com\/index.php?rest_route=\/wp\/v2\/posts"}],"about":[{"href":"https:\/\/new.findnews5.com\/index.php?rest_route=\/wp\/v2\/types\/post"}],"author":[{"embeddable":true,"href":"https:\/\/new.findnews5.com\/index.php?rest_route=\/wp\/v2\/users\/1"}],"replies":[{"embeddable":true,"href":"https:\/\/new.findnews5.com\/index.php?rest_route=%2Fwp%2Fv2%2Fcomments&post=19773"}],"version-history":[{"count":0,"href":"https:\/\/new.findnews5.com\/index.php?rest_route=\/wp\/v2\/posts\/19773\/revisions"}],"wp:featuredmedia":[{"embeddable":true,"href":"https:\/\/new.findnews5.com\/index.php?rest_route=\/wp\/v2\/media\/19774"}],"wp:attachment":[{"href":"https:\/\/new.findnews5.com\/index.php?rest_route=%2Fwp%2Fv2%2Fmedia&parent=19773"}],"wp:term":[{"taxonomy":"category","embeddable":true,"href":"https:\/\/new.findnews5.com\/index.php?rest_route=%2Fwp%2Fv2%2Fcategories&post=19773"},{"taxonomy":"post_tag","embeddable":true,"href":"https:\/\/new.findnews5.com\/index.php?rest_route=%2Fwp%2Fv2%2Ftags&post=19773"}],"curies":[{"name":"wp","href":"https:\/\/api.w.org\/{rel}","templated":true}]}}