{"id":19759,"date":"2024-07-06T08:12:50","date_gmt":"2024-07-06T08:12:50","guid":{"rendered":"https:\/\/new.findnews5.com\/?p=19759"},"modified":"2024-07-06T08:12:51","modified_gmt":"2024-07-06T08:12:51","slug":"kreshnik-spahiu-te-sulmosh-kadarene-diten-e-varrimit-pertej-cdo-kodi-fetar-dhe-zakoni-shqiptar","status":"publish","type":"post","link":"https:\/\/new.findnews5.com\/?p=19759","title":{"rendered":"Kreshnik Spahiu: T\u00eb sulmosh Kadaren\u00eb dit\u00ebn e varrimit, p\u00ebrtej \u00e7do kodi fetar dhe zakoni shqiptar"},"content":{"rendered":"<div class=\"78954ae5fa42b68c1393fe3da4998882\" data-index=\"1\" style=\"float: none; margin:0px 0 0px 0; text-align:center;\">\n<div data-type=\"_mgwidget\" data-widget-id=\"1576712\">\r\n<\/div>\r\n<script>(function(w,q){w[q]=w[q]||[];w[q].push([\"_mgc.load\"])})(window,\"_mgq\");\r\n<\/script>\r\n\n<\/div>\n<p>Juristi Kreshnik Spahiu u ndal sot n\u00eb \u2018Studio Live\u2019 teksa foli p\u00ebr Arb\u00ebr Hitajn lidhur me funeralin dhe p\u00ebrcjelljen n\u00eb banes\u00ebn e fundit t\u00eb shkrimtarit Ismail Kadares\u00eb.<\/p>\n<p>Spahiu pati nj\u00eb koment p\u00ebr sulmet q\u00eb iu b\u00ebn\u00eb Kadares\u00eb edhe sot n\u00eb funeralin e tij, duke u shprehur se kjo \u00ebsht\u00eb p\u00ebrtej \u00e7do kodi zakonor dhe fetar.<\/p>\n<p>\u2018Funerali tregonte p\u00ebrmasat gjigande q\u00eb kishte vepra e Kadares\u00eb, tregonte absolutisht ndjenj\u00ebn e fort\u00eb komb\u00ebtare n\u00eb \u00e7do cep t\u00eb Shqip\u00ebris\u00eb etnike, n\u00eb \u00e7do cep ku jeton shqiptar. Edhe n\u00eb dit\u00ebn q\u00eb nd\u00ebrroi jet\u00eb arriti t\u00eb bashkoj\u00eb shqiptar\u00ebt, figurat nga t\u00eb gjitha trevat. Ajo q\u00eb m\u00eb ka b\u00ebr\u00eb p\u00ebrshtypje. Nuk \u00ebsht\u00eb funerali zyrtar por pjes\u00ebmarrja e qytetar\u00ebve t\u00eb lir\u00eb. N\u00eb Tiran\u00eb jan\u00eb par\u00eb n\u00eb rrug\u00eb, qytetar\u00eb t\u00eb ndrysh\u00ebm t\u00eb paorganizuar t\u00eb cil\u00ebt t\u00eb pik\u00eblluar donin t\u00eb merrnin pjes\u00eb qoft\u00eb n\u00eb af\u00ebrsi qoft\u00eb n\u00eb distanc\u00eb n\u00eb lamtumir\u00ebn e fundit. Kjo \u00ebsht\u00eb vlera e madhe, p\u00ebrtej kortezis\u00eb zyrtare, e cila \u00ebsht\u00eb p\u00ebr tu vler\u00ebsuar. Ata q\u00eb i b\u00ebjn\u00eb kritik\u00eb jan\u00eb turpi antishqiptar edhe dit\u00ebn e funeralit merren me detaje apo pjes\u00ebmarr\u00ebsit.<\/p>\n<p>Edhe n\u00eb funeral edhe mafia i respekton kodet e heshtjes. Heshtin edhe fundi i shoq\u00ebris\u00eb. Ndjej keqardhje q\u00eb n\u00ebp\u00ebrmjet media n\u00eb k\u00ebt\u00eb dit\u00eb t\u00eb shenjt\u00eb t\u00eb hidhet balt\u00eb ndaj figur\u00ebs s\u00eb shekullit t\u00eb fundit q\u00eb ne kemi. \u00c7far\u00eb k\u00ebto 48 or\u00eb kam lexuar nj\u00eb \u00e7menduri e cila nuk mund t\u00eb ndalej, nuk mund t\u00eb rri pa th\u00ebn\u00eb. Kush ajan\u00eb ata q\u00eb sulmojn\u00eb Ismail Kadaren\u00eb. Duan partin\u00eb m\u00eb shum\u00eb se Shqip\u00ebrin\u00eb, m\u00eb shum\u00eb kryetarin se kombin. N\u00ebn petkun e besimit fetar nuk kan\u00eb Zot, por shkelni \u00e7do kod. Nuk l\u00ebn\u00eb dot as t\u00eb vdekurit t\u00eb qet\u00eb, nuk njohin asnj\u00eb norm\u00eb shoq\u00ebrore.<\/p>\n<p>Vjellin vrer ndaj figurave t\u00eb kombit. E kan\u00eb ndjenj\u00ebn e antishqiptarizmit n\u00eb gen. Hedhin tymnaj\u00eb ndaj nj\u00eb figure q\u00eb \u00ebsht\u00eb sulmuar nga t\u00eb gjitha regjimet. Jan\u00eb ata q\u00eb n\u00eb petkun e besimit fetar, por marrin misionin e Zotit p\u00ebr t\u00eb b\u00ebr\u00eb gjykim\u2019, u shpreh Spahiu.<\/p>\n\n<div style=\"font-size: 0px; height: 0px; line-height: 0px; margin: 0; padding: 0; clear: both;\"><\/div>","protected":false},"excerpt":{"rendered":"<p>Juristi Kreshnik Spahiu u ndal sot n\u00eb \u2018Studio Live\u2019 teksa foli p\u00ebr Arb\u00ebr Hitajn lidhur me funeralin dhe p\u00ebrcjelljen n\u00eb banes\u00ebn e fundit t\u00eb shkrimtarit Ismail Kadares\u00eb&#8230;. <\/p>\n","protected":false},"author":1,"featured_media":19760,"comment_status":"open","ping_status":"open","sticky":false,"template":"","format":"standard","meta":{"footnotes":""},"categories":[6],"tags":[],"class_list":["post-19759","post","type-post","status-publish","format-standard","has-post-thumbnail","hentry","category-lajme"],"_links":{"self":[{"href":"https:\/\/new.findnews5.com\/index.php?rest_route=\/wp\/v2\/posts\/19759","targetHints":{"allow":["GET"]}}],"collection":[{"href":"https:\/\/new.findnews5.com\/index.php?rest_route=\/wp\/v2\/posts"}],"about":[{"href":"https:\/\/new.findnews5.com\/index.php?rest_route=\/wp\/v2\/types\/post"}],"author":[{"embeddable":true,"href":"https:\/\/new.findnews5.com\/index.php?rest_route=\/wp\/v2\/users\/1"}],"replies":[{"embeddable":true,"href":"https:\/\/new.findnews5.com\/index.php?rest_route=%2Fwp%2Fv2%2Fcomments&post=19759"}],"version-history":[{"count":0,"href":"https:\/\/new.findnews5.com\/index.php?rest_route=\/wp\/v2\/posts\/19759\/revisions"}],"wp:featuredmedia":[{"embeddable":true,"href":"https:\/\/new.findnews5.com\/index.php?rest_route=\/wp\/v2\/media\/19760"}],"wp:attachment":[{"href":"https:\/\/new.findnews5.com\/index.php?rest_route=%2Fwp%2Fv2%2Fmedia&parent=19759"}],"wp:term":[{"taxonomy":"category","embeddable":true,"href":"https:\/\/new.findnews5.com\/index.php?rest_route=%2Fwp%2Fv2%2Fcategories&post=19759"},{"taxonomy":"post_tag","embeddable":true,"href":"https:\/\/new.findnews5.com\/index.php?rest_route=%2Fwp%2Fv2%2Ftags&post=19759"}],"curies":[{"name":"wp","href":"https:\/\/api.w.org\/{rel}","templated":true}]}}