{"id":19755,"date":"2024-07-05T17:11:27","date_gmt":"2024-07-05T17:11:27","guid":{"rendered":"https:\/\/new.findnews5.com\/?p=19755"},"modified":"2024-07-05T17:11:28","modified_gmt":"2024-07-05T17:11:28","slug":"babai-im-ska-qene-dakord-me-rrugetimin-tim-ne-politike-perlotet-balluku-ne-top-story-familja-ime-ishte-nder-me-te-persekutuarat-me-mbi-110-vite-burg-dhe-internime","status":"publish","type":"post","link":"https:\/\/new.findnews5.com\/?p=19755","title":{"rendered":"\u201cBabai im s\u2019ka qen\u00eb dakord me rrug\u00ebtimin tim n\u00eb politik\u00eb\u201d, p\u00ebrlotet Balluku n\u00eb Top Story: Familja ime ishte nd\u00ebr m\u00eb t\u00eb persekutuarat, me mbi 110 vite burg dhe internime"},"content":{"rendered":"<div class=\"78954ae5fa42b68c1393fe3da4998882\" data-index=\"1\" style=\"float: none; margin:0px 0 0px 0; text-align:center;\">\n<div data-type=\"_mgwidget\" data-widget-id=\"1576712\">\r\n<\/div>\r\n<script>(function(w,q){w[q]=w[q]||[];w[q].push([\"_mgc.load\"])})(window,\"_mgq\");\r\n<\/script>\r\n\n<\/div>\n<p>N\u00eb nj\u00eb intervist\u00eb p\u00ebr Top Story, ajo tha se vjen nga nj\u00eb prej familjeve m\u00eb t\u00eb persekutuara gjat\u00eb regjimit komunist dhe se babai nuk ishte dakord me rrug\u00ebtimin e ministres n\u00eb politik\u00eb.<\/p>\n<p>Duma: Ka nj\u00eb amanet t\u00eb men\u00e7uris\u00eb t\u00ebnde p\u00ebr politik\u00ebn dhe ti vendos ta marr\u00ebsh k\u00ebt\u00eb rrug\u00ebtim q\u00eb p\u00ebr juve rezultoi me t\u00eb gjith\u00eb idealizmat e tyre i rreziksh\u00ebm?<\/p>\n<p>Balluku: \u00cbsht\u00eb pyetje shum\u00ebn personale me shum\u00eb mund\u00ebsi babai im m\u00eb ndjek tani, ai nuk ka qen\u00eb dakord me rrug\u00ebtimin tim n\u00eb politik\u00eb, politka, ka qen\u00eb di\u00e7ka q\u00eb ne mund t\u00eb themi q\u00eb ka krijuar dhimbje, familja ime ka lidhje me sistemin, ka qen\u00eb nj\u00eb nd\u00ebr m\u00eb t\u00eb persekutuarat, kur ndodhin debatet n\u00eb Parlament dhe kur flas me baban\u00eb tim dhe ai merr n\u00eb telefon ose shkruan ndonj\u00eb mesazh m\u00eb thot\u00eb kujtohu atyre q\u00eb n\u00eb supet e familjes t\u00ebnde ka mbi 110 vite burg dhe internime n\u00eb 15 vite.<\/p>\n<p>Babai im nuk e p\u00eblqente kurr\u00eb politik\u00ebn, i kan\u00eb q\u00ebndruar larg kur jan\u00eb kthyer nga internimet, Nj\u00eb m\u00ebngjes u largua nga blloku dhe m\u00ebngjesin tjet\u00ebr ishte n\u00eb minierat e bitumit t\u00eb Selenic\u00ebs, un\u00eb jam gjithmon\u00eb krenare t\u00eb them jam Belinda, e bija e \u00c7lirim Ballukut, sa her\u00eb d\u00ebgjoj n\u00eb Parlamnent q\u00eb m\u00eb p\u00ebrmendet gjyshi si eksponent i monizmit ata q\u00eb e thon\u00eb kan\u00eb qen\u00eb sh\u00ebrb\u00ebtor\u00ebt m\u00eb t\u00eb p\u00ebrulur t\u00eb monizimit.<\/p>\n<p>S\u2019ka qen\u00eb zgjedhje tamam e imja, Edi Rama ka insistuar, m\u00eb p\u00eblqente shum\u00eb backtage i politik\u00ebs, organizimi dhe gjith\u00e7ka tjet\u00ebr q\u00eb lidhej me politik\u00ebn. Politika me etik\u00eb dhe dinjitet mund t\u00eb b\u00ebj\u00eb bashk\u00eb njer\u00ebz q\u00eb kan\u00eb vizion.<\/p>\n\n<div style=\"font-size: 0px; height: 0px; line-height: 0px; margin: 0; padding: 0; clear: both;\"><\/div>","protected":false},"excerpt":{"rendered":"<p>N\u00eb nj\u00eb intervist\u00eb p\u00ebr Top Story, ajo tha se vjen nga nj\u00eb prej familjeve m\u00eb t\u00eb persekutuara gjat\u00eb regjimit komunist dhe se babai nuk ishte dakord me&#8230; <\/p>\n","protected":false},"author":1,"featured_media":19756,"comment_status":"open","ping_status":"open","sticky":false,"template":"","format":"standard","meta":{"footnotes":""},"categories":[6],"tags":[],"class_list":["post-19755","post","type-post","status-publish","format-standard","has-post-thumbnail","hentry","category-lajme"],"_links":{"self":[{"href":"https:\/\/new.findnews5.com\/index.php?rest_route=\/wp\/v2\/posts\/19755","targetHints":{"allow":["GET"]}}],"collection":[{"href":"https:\/\/new.findnews5.com\/index.php?rest_route=\/wp\/v2\/posts"}],"about":[{"href":"https:\/\/new.findnews5.com\/index.php?rest_route=\/wp\/v2\/types\/post"}],"author":[{"embeddable":true,"href":"https:\/\/new.findnews5.com\/index.php?rest_route=\/wp\/v2\/users\/1"}],"replies":[{"embeddable":true,"href":"https:\/\/new.findnews5.com\/index.php?rest_route=%2Fwp%2Fv2%2Fcomments&post=19755"}],"version-history":[{"count":0,"href":"https:\/\/new.findnews5.com\/index.php?rest_route=\/wp\/v2\/posts\/19755\/revisions"}],"wp:featuredmedia":[{"embeddable":true,"href":"https:\/\/new.findnews5.com\/index.php?rest_route=\/wp\/v2\/media\/19756"}],"wp:attachment":[{"href":"https:\/\/new.findnews5.com\/index.php?rest_route=%2Fwp%2Fv2%2Fmedia&parent=19755"}],"wp:term":[{"taxonomy":"category","embeddable":true,"href":"https:\/\/new.findnews5.com\/index.php?rest_route=%2Fwp%2Fv2%2Fcategories&post=19755"},{"taxonomy":"post_tag","embeddable":true,"href":"https:\/\/new.findnews5.com\/index.php?rest_route=%2Fwp%2Fv2%2Ftags&post=19755"}],"curies":[{"name":"wp","href":"https:\/\/api.w.org\/{rel}","templated":true}]}}