{"id":19752,"date":"2024-07-05T17:10:05","date_gmt":"2024-07-05T17:10:05","guid":{"rendered":"https:\/\/new.findnews5.com\/?p=19752"},"modified":"2024-07-05T17:10:08","modified_gmt":"2024-07-05T17:10:08","slug":"dalin-pamjet-grupet-e-reja-ne-serbi-po-trajnohen-per-te-ngritur-tensione","status":"publish","type":"post","link":"https:\/\/new.findnews5.com\/?p=19752","title":{"rendered":"Dalin pamjet, grupet e reja n\u00eb Serbi po trajnohen p\u00ebr t\u00eb ngritur tensione"},"content":{"rendered":"<div class=\"78954ae5fa42b68c1393fe3da4998882\" data-index=\"1\" style=\"float: none; margin:0px 0 0px 0; text-align:center;\">\n<div data-type=\"_mgwidget\" data-widget-id=\"1576712\">\r\n<\/div>\r\n<script>(function(w,q){w[q]=w[q]||[];w[q].push([\"_mgc.load\"])})(window,\"_mgq\");\r\n<\/script>\r\n\n<\/div>\n<p>Kryetari i Kuvendit Glauk Konjufca t\u00eb h\u00ebn\u00ebn ngriti p\u00ebrs\u00ebri alarmin se grupe t\u00eb reja po trajnohen n\u00eb Serbi, p\u00ebr t\u00eb kryer sulme n\u00eb kat\u00ebr komunat veriore. E p\u00ebr k\u00ebt\u00eb, media ka siguruar nj\u00eb video ku shihen persona duke b\u00ebr\u00eb trajnime.<\/p>\n<p>N\u00eb k\u00ebto pamje, shihen edhe flamuj t\u00eb NATO-s, e q\u00eb simbolizohet kund\u00ebrshtimi i veprimtaris\u00eb s\u00eb aleanc\u00ebs veri-atlantike, nd\u00ebrkaq, pamjet tregojn\u00eb edhe parull\u00ebn ku thuhet se \u201c Kosova \u00ebsht\u00eb pjes\u00eb e Serbis\u00eb\u201d.<\/p>\n<p>Se grupi i Banjsk\u00ebs po p\u00ebrb\u00ebn k\u00ebrc\u00ebnim p\u00ebr vendin, e konfirmon edhe z\u00ebvend\u00ebsdrejtori i Policis\u00eb p\u00ebr rajonin e Veriut, Veton Elshani.<\/p>\n<p>\u201c \u00cbsht\u00eb e v\u00ebrtet\u00eb se derisa grupi i Banjsk\u00ebs ka ikur nga Kosova dhe \u00ebsht\u00eb i lir\u00eb, normalisht q\u00eb neve na shtyn\u00eb me qen\u00eb sa m\u00eb shum\u00eb vigjilent, dhe nuk mund t\u00eb p\u00ebrjashtojm\u00eb p\u00ebrgatitjen ton\u00eb, sa m\u00eb shum\u00eb q\u00eb \u00ebsht\u00eb e mundshme, q\u00eb nj\u00eb situat\u00eb e till\u00eb t\u00eb mos p\u00ebrs\u00ebritet, p\u00ebr neve \u00ebsht\u00eb e r\u00ebnd\u00ebsishme, n\u00ebse di\u00e7ka ndodh, ne t\u00eb mund t\u00eb reagojm\u00eb\u201d, ka th\u00ebn\u00eb Elshani.<\/p>\n<p>N\u00eb an\u00ebn tjet\u00ebr, an\u00ebtari i komisionit p\u00ebr \u00e7\u00ebshtje t\u00eb Siguris\u00eb, Mefail Bajqinofci, k\u00ebrkon q\u00eb t\u00eb ket\u00eb reagim edhe nga faktori nd\u00ebrkomb\u00ebtar.<\/p>\n<p>\u201c \u00cbsht\u00eb tregues i qart\u00eb se ata p\u00ebrgatiten p\u00ebr sulm ndaj rendit Kushtetues pra ndaj policis\u00eb s\u00eb Kosov\u00ebs, dhe ata ushtrimet i b\u00ebjn\u00eb pik\u00ebrisht p\u00ebr t\u00eb b\u00ebr\u00eb sulme, ndaj Republik\u00eb s\u00eb Kosov\u00ebs, sulme t\u00eb brendshme apo hyrjes se si kan\u00eb hyr\u00eb at\u00ebher\u00eb n\u00eb Banjsk\u00eb. Por mendoj se \u00ebsht\u00eb shqet\u00ebsuese, pak kemi deklarata nga bashk\u00ebsia Nd\u00ebkomb\u00ebtare, t\u00eb cil\u00ebt duhet t\u00eb dalin dhe ta d\u00ebnojn\u00eb veprime t\u00eb cilat destabilizojn\u00eb vendin\u201d, ka th\u00ebn\u00eb ai.<\/p>\n<p>Sipas Bajqinofcit, k\u00ebto pamje por dhe fotografi t\u00eb m\u00ebhershme t\u00eb cilat i ka publikuar televizioni t\u00eb grupit \u201cBrigada e veriut\u201dduke u trajnuar n\u00eb Serbi, tashm\u00eb i kan\u00eb edhe institucionet e Siguris\u00eb n\u00eb Kosov\u00eb.<\/p>\n<p>\u201cKa video, por ka pas edhe fotografi ku ju vet personalisht i keni publikuar, n\u00eb mediumin tuaj, dhe un\u00eb mendoj se nuk ka nevoj\u00eb shum\u00eb sot m\u00eb t\u00eb thuhet ka apo nuk ka trajnime p\u00ebr k\u00ebt\u00eb q\u00ebshtje sepse e dim\u00eb t\u00eb gjith\u00eb ka foto, video t\u00eb bollshme nga institucionet e siguris\u00eb\u201d, shprehet deputeti i VV-s\u00eb.<\/p>\n<p>Njoh\u00ebsi i Siguris\u00eb, Nuredin Ibishi, vler\u00ebsoi se, Serbia me k\u00ebto veprime po e k\u00ebrc\u00ebnon Kosov\u00ebn.<\/p>\n<p>\u201cSerbia hapur vazhdon n\u00eb trend me k\u00ebrc\u00ebnua Kosov\u00ebn, prezenca e Forcave t\u00eb Armatosura n\u00eb kufi me Kosov\u00ebn t\u00eb dy brigadave por edhe armatimi i r\u00ebnd\u00eb edhe dhe t\u00eb tjera dhe nj\u00ebsitet Speciale. Por p\u00ebrve\u00e7 k\u00ebsaj kur flet Konjufca bazohet n\u00eb informacionet q\u00eb i ka n\u00eb disponim, flet me nj\u00eb kryetare t\u00eb parlamentit Slloven n\u00eb k\u00ebt\u00eb rast, zonj\u00ebn Zupanchiq, mendoj se duhet ta marrim me seriozitet k\u00ebt\u00eb \u00e7\u00ebshtje, duhet ta din\u00eb nd\u00ebrkomb\u00ebtar\u00ebt\u201d, ka th\u00ebn\u00eb Ibishi.<\/p>\n<p>M\u00eb 24-shtator n\u00eb Banjsk\u00eb t\u00eb Zve\u00e7anit, nj\u00eb grup paraushtarak serb me n\u00eb krye, Millan Radoji\u00e7iq, kryen sulm ndaj policis\u00eb s\u00eb Kosov\u00ebs, ku mbeti i vrar\u00eb, rreshteri i Policis\u00eb, Afrim Bunjaku, dhe u plagos\u00ebn dy polic\u00eb.<\/p>\n<p><iframe loading=\"lazy\" src=\"https:\/\/www.facebook.com\/plugins\/video.php?height=476&#038;href=https%3A%2F%2Fwww.facebook.com%2Fteveliive%2Fvideos%2F788462399801380%2F&#038;show_text=false&#038;width=380&#038;t=0\" width=\"380\" height=\"476\" style=\"border:none;overflow:hidden\" scrolling=\"no\" frameborder=\"0\" allowfullscreen=\"true\" allow=\"autoplay; clipboard-write; encrypted-media; picture-in-picture; web-share\" allowFullScreen=\"true\"><\/iframe><\/p>\n\n<div style=\"font-size: 0px; height: 0px; line-height: 0px; margin: 0; padding: 0; clear: both;\"><\/div>","protected":false},"excerpt":{"rendered":"<p>Kryetari i Kuvendit Glauk Konjufca t\u00eb h\u00ebn\u00ebn ngriti p\u00ebrs\u00ebri alarmin se grupe t\u00eb reja po trajnohen n\u00eb Serbi, p\u00ebr t\u00eb kryer sulme n\u00eb kat\u00ebr komunat veriore. E&#8230; <\/p>\n","protected":false},"author":1,"featured_media":19753,"comment_status":"open","ping_status":"open","sticky":false,"template":"","format":"standard","meta":{"footnotes":""},"categories":[6],"tags":[],"class_list":["post-19752","post","type-post","status-publish","format-standard","has-post-thumbnail","hentry","category-lajme"],"_links":{"self":[{"href":"https:\/\/new.findnews5.com\/index.php?rest_route=\/wp\/v2\/posts\/19752","targetHints":{"allow":["GET"]}}],"collection":[{"href":"https:\/\/new.findnews5.com\/index.php?rest_route=\/wp\/v2\/posts"}],"about":[{"href":"https:\/\/new.findnews5.com\/index.php?rest_route=\/wp\/v2\/types\/post"}],"author":[{"embeddable":true,"href":"https:\/\/new.findnews5.com\/index.php?rest_route=\/wp\/v2\/users\/1"}],"replies":[{"embeddable":true,"href":"https:\/\/new.findnews5.com\/index.php?rest_route=%2Fwp%2Fv2%2Fcomments&post=19752"}],"version-history":[{"count":0,"href":"https:\/\/new.findnews5.com\/index.php?rest_route=\/wp\/v2\/posts\/19752\/revisions"}],"wp:featuredmedia":[{"embeddable":true,"href":"https:\/\/new.findnews5.com\/index.php?rest_route=\/wp\/v2\/media\/19753"}],"wp:attachment":[{"href":"https:\/\/new.findnews5.com\/index.php?rest_route=%2Fwp%2Fv2%2Fmedia&parent=19752"}],"wp:term":[{"taxonomy":"category","embeddable":true,"href":"https:\/\/new.findnews5.com\/index.php?rest_route=%2Fwp%2Fv2%2Fcategories&post=19752"},{"taxonomy":"post_tag","embeddable":true,"href":"https:\/\/new.findnews5.com\/index.php?rest_route=%2Fwp%2Fv2%2Ftags&post=19752"}],"curies":[{"name":"wp","href":"https:\/\/api.w.org\/{rel}","templated":true}]}}