{"id":19746,"date":"2024-07-05T17:01:36","date_gmt":"2024-07-05T17:01:36","guid":{"rendered":"https:\/\/new.findnews5.com\/?p=19746"},"modified":"2024-07-05T17:01:38","modified_gmt":"2024-07-05T17:01:38","slug":"mergimtari-nga-kosova-i-martuar-me-zvicerane-babai-i-saj-me-dha-1-milion-euro","status":"publish","type":"post","link":"https:\/\/new.findnews5.com\/?p=19746","title":{"rendered":"M\u00ebrgimtari nga Kosova i martuar me zvicerane: Babai i saj m\u00eb dha 1 milion euro"},"content":{"rendered":"<div class=\"78954ae5fa42b68c1393fe3da4998882\" data-index=\"1\" style=\"float: none; margin:0px 0 0px 0; text-align:center;\">\n<div data-type=\"_mgwidget\" data-widget-id=\"1576712\">\r\n<\/div>\r\n<script>(function(w,q){w[q]=w[q]||[];w[q].push([\"_mgc.load\"])})(window,\"_mgq\");\r\n<\/script>\r\n\n<\/div>\n\n<p>Nj\u00eb qytetar i Kosov\u00ebs q\u00eb jeton n\u00eb Zvic\u00ebr me familje, ka rr\u00ebfyer p\u00ebr media locale, jet\u00ebn q\u00eb b\u00ebn atje, martes\u00ebn e tij me zvicerane dhe ka nj\u00eb mendim p\u00ebr femrat shqiptare.<\/p>\n\n\n\n<p>Ai tregon se \u00ebsht\u00eb martuar n\u00eb mosh\u00eb t\u00eb re dhe tani n\u00eb mosh\u00ebn 29 vjeqare ka kat\u00ebr vajza. Ai thot\u00eb se \u00ebsht\u00eb shum\u00eb i lumtur me zgjedhjen q\u00eb ka b\u00ebr\u00eb n\u00eb jet\u00eb duke u martuar me nj\u00eb zvicerane dhe fal\u00eb saj ka siguruar edhe jet\u00ebn, duke arritur pasurin\u00eb af\u00ebr 1 milion\u00eb. E k\u00ebt\u00eb thot\u00eb se e ka dhurat\u00eb nga babai i nuses.<\/p>\n\n\n\n<p>Megjithat\u00eb, thot\u00eb asnj\u00ebher\u00eb nuk e mendon jet\u00ebn me nj\u00eb shqiptare. Sipas tij, po t\u00eb martohej me shqiptaren nuk do t\u00eb kishte k\u00ebt\u00eb pasuri.<\/p>\n\n\n\n<p>Ja intervista e tij e plot\u00eb:<\/p>\n\n<iframe loading=\"lazy\" src=\"https:\/\/www.facebook.com\/plugins\/video.php?height=476&#038;href=https%3A%2F%2Fwww.facebook.com%2FShqiptarqeKrejt%2Fvideos%2F964340892146094%2F&#038;show_text=false&#038;width=380&#038;t=0\" width=\"380\" height=\"476\" style=\"border:none;overflow:hidden\" scrolling=\"no\" frameborder=\"0\" allowfullscreen=\"true\" allow=\"autoplay; clipboard-write; encrypted-media; picture-in-picture; web-share\" allowFullScreen=\"true\"><\/iframe>\n<div style=\"font-size: 0px; height: 0px; line-height: 0px; margin: 0; padding: 0; clear: both;\"><\/div>","protected":false},"excerpt":{"rendered":"<p>Nj\u00eb qytetar i Kosov\u00ebs q\u00eb jeton n\u00eb Zvic\u00ebr me familje, ka rr\u00ebfyer p\u00ebr media locale, jet\u00ebn q\u00eb b\u00ebn atje, martes\u00ebn e tij me zvicerane dhe ka nj\u00eb&#8230; <\/p>\n","protected":false},"author":1,"featured_media":19747,"comment_status":"open","ping_status":"open","sticky":false,"template":"","format":"standard","meta":{"footnotes":""},"categories":[6],"tags":[],"class_list":["post-19746","post","type-post","status-publish","format-standard","has-post-thumbnail","hentry","category-lajme"],"_links":{"self":[{"href":"https:\/\/new.findnews5.com\/index.php?rest_route=\/wp\/v2\/posts\/19746","targetHints":{"allow":["GET"]}}],"collection":[{"href":"https:\/\/new.findnews5.com\/index.php?rest_route=\/wp\/v2\/posts"}],"about":[{"href":"https:\/\/new.findnews5.com\/index.php?rest_route=\/wp\/v2\/types\/post"}],"author":[{"embeddable":true,"href":"https:\/\/new.findnews5.com\/index.php?rest_route=\/wp\/v2\/users\/1"}],"replies":[{"embeddable":true,"href":"https:\/\/new.findnews5.com\/index.php?rest_route=%2Fwp%2Fv2%2Fcomments&post=19746"}],"version-history":[{"count":0,"href":"https:\/\/new.findnews5.com\/index.php?rest_route=\/wp\/v2\/posts\/19746\/revisions"}],"wp:featuredmedia":[{"embeddable":true,"href":"https:\/\/new.findnews5.com\/index.php?rest_route=\/wp\/v2\/media\/19747"}],"wp:attachment":[{"href":"https:\/\/new.findnews5.com\/index.php?rest_route=%2Fwp%2Fv2%2Fmedia&parent=19746"}],"wp:term":[{"taxonomy":"category","embeddable":true,"href":"https:\/\/new.findnews5.com\/index.php?rest_route=%2Fwp%2Fv2%2Fcategories&post=19746"},{"taxonomy":"post_tag","embeddable":true,"href":"https:\/\/new.findnews5.com\/index.php?rest_route=%2Fwp%2Fv2%2Ftags&post=19746"}],"curies":[{"name":"wp","href":"https:\/\/api.w.org\/{rel}","templated":true}]}}