{"id":19725,"date":"2024-07-04T18:57:12","date_gmt":"2024-07-04T18:57:12","guid":{"rendered":"https:\/\/new.findnews5.com\/?p=19725"},"modified":"2024-07-04T18:57:13","modified_gmt":"2024-07-04T18:57:13","slug":"jam-qelibar-mjekja-alketa-pere-gati-u-hodha-nga-ballkoni-nuk-jam-pjese-e-atyre-qe-conin-paciente-te-privati","status":"publish","type":"post","link":"https:\/\/new.findnews5.com\/?p=19725","title":{"rendered":"\u201cJam qelibar\u201d, mjekja Alketa Pere: Gati u hodha nga ballkoni! Nuk jam pjes\u00eb e atyre q\u00eb \u00e7onin pacient\u00eb te privati"},"content":{"rendered":"<div class=\"78954ae5fa42b68c1393fe3da4998882\" data-index=\"1\" style=\"float: none; margin:0px 0 0px 0; text-align:center;\">\n<div data-type=\"_mgwidget\" data-widget-id=\"1576712\">\r\n<\/div>\r\n<script>(function(w,q){w[q]=w[q]||[];w[q].push([\"_mgc.load\"])})(window,\"_mgq\");\r\n<\/script>\r\n\n<\/div>\n\n<p>Mjekja e Onkologjikut Alketa Pere ka reaguar pas revolt\u00ebs s\u00eb madhe publike ndaj saj dhe koleg\u00ebve t\u00eb saj kur prokuroria zbuloi nj\u00eb skem\u00eb mashtrimi me pacient\u00ebt e s\u00ebmur\u00eb me kancer.<\/p>\n\n\n\n<p>E ftuar n\u00eb emisionin \u201cTop Story\u201d, Pere ka th\u00ebn\u00eb se nuk ka lidhje me grupin e mjek\u00ebve q\u00eb d\u00ebrgonte pacient\u00eb n\u00eb klinika private. Ajo tha se kishte dijeni dhe se e kishte raportuar m\u00eb par\u00eb rastin. Mjekja tregoi se ka kaluar nj\u00eb gjendje t\u00eb v\u00ebshtir\u00eb nga akuzat e ngritura ndaj saj.<\/p>\n\n\n\n<p>\u201cM\u00eb ndau vet\u00ebm nj\u00eb moment p\u00ebr t\u2019u hedhur nga ballkoni. Akuza ishte aq e r\u00ebnd\u00eb, aq e shpejt\u00eb, un\u00eb ika nga puna, n\u00eb momentin q\u00eb ika nga puna b\u00ebn dhe reaksion pacientja, dhe nuk e dija ku po shkoja. Po shkoja n\u00eb nj\u00eb proces gjyq\u00ebsor, q\u00eb nuk e kuptoja ku po q\u00ebndronte \u00e7\u00ebshtja\u201d, u shpreh ajo.<\/p>\n\n\n\n<p>Mjekja Pere tha se i k\u00ebrkon ndjes\u00eb gazetarit p\u00ebr p\u00ebrballjen para Gjykat\u00ebs, pasi nuk e njohu q\u00eb ishte gazetar.<\/p>\n\n\n\n<p>\u201cDit\u00ebn q\u00eb mora vesh nga OPGJ-ja, kisha shum\u00eb fluks pacient\u00ebsh, m\u00eb vijn\u00eb dhe m\u00eb tregojn\u00eb q\u00eb ke dal\u00eb n\u00eb portale. Nuk kisha koh\u00eb, po shikoja foton time dhe po thosha \u201co Zot i madh \u00e7far\u00eb u b\u00eb\u201d. Foto u shtremb\u00ebrua. Falje i k\u00ebrkoj atij gazetarit q\u00eb i thash\u00eb \u201ckush je ti\u201d. Se ai m\u00eb tha ke marr\u00eb vendim pezullimi, un\u00eb nuk e dija as vendimin e pezullimit se mora nj\u00eb dit\u00eb m\u00eb pas\u201d, u shpreh ajo.<\/p>\n\n\n\n<p>M\u00eb tej ajo tha se p\u00ebr akuz\u00ebn e prokuroris\u00eb se ka firmosur nj\u00eb raport, Pere tha se ishte vet\u00ebm nj\u00eb sh\u00ebnim dhe jo firm\u00eb.<\/p>\n\n\n\n<p>\u201cNuk kam lexuar asnj\u00eb gj\u00eb se m\u00eb vijn\u00eb mesazhet nga pacient\u00ebt dhe nuk kam koh\u00eb. I shoh f\u00ebmij\u00ebt t\u00eb traumatizuar q\u00eb m\u00eb thon\u00eb. Edhe sot nuk di asgj\u00eb se \u00e7far\u00eb kan\u00eb shkruar portalet. N\u00eb nj\u00eb moment t\u00eb dyt\u00eb do t\u2019i shikoj.<\/p>\n\n\n\n<p>Denoncimi ishte p\u00ebr njer\u00ebzit q\u00eb trafikonin pacient\u00ebt n\u00eb klinika private. Un\u00eb e kam ngritur disa her\u00eb k\u00ebt\u00eb \u00e7\u00ebshtje. U kam th\u00ebn\u00eb \u201cu lutem mos i d\u00ebrgoni pacient\u00ebt n\u00eb klinika private. Nuk kurohet malinja n\u00eb klinika private\u201d\u201d, tha Pere.<\/p>\n\n<div style=\"font-size: 0px; height: 0px; line-height: 0px; margin: 0; padding: 0; clear: both;\"><\/div>","protected":false},"excerpt":{"rendered":"<p>Mjekja e Onkologjikut Alketa Pere ka reaguar pas revolt\u00ebs s\u00eb madhe publike ndaj saj dhe koleg\u00ebve t\u00eb saj kur prokuroria zbuloi nj\u00eb skem\u00eb mashtrimi me pacient\u00ebt e&#8230; <\/p>\n","protected":false},"author":1,"featured_media":19726,"comment_status":"open","ping_status":"open","sticky":false,"template":"","format":"standard","meta":{"footnotes":""},"categories":[6],"tags":[],"class_list":["post-19725","post","type-post","status-publish","format-standard","has-post-thumbnail","hentry","category-lajme"],"_links":{"self":[{"href":"https:\/\/new.findnews5.com\/index.php?rest_route=\/wp\/v2\/posts\/19725","targetHints":{"allow":["GET"]}}],"collection":[{"href":"https:\/\/new.findnews5.com\/index.php?rest_route=\/wp\/v2\/posts"}],"about":[{"href":"https:\/\/new.findnews5.com\/index.php?rest_route=\/wp\/v2\/types\/post"}],"author":[{"embeddable":true,"href":"https:\/\/new.findnews5.com\/index.php?rest_route=\/wp\/v2\/users\/1"}],"replies":[{"embeddable":true,"href":"https:\/\/new.findnews5.com\/index.php?rest_route=%2Fwp%2Fv2%2Fcomments&post=19725"}],"version-history":[{"count":0,"href":"https:\/\/new.findnews5.com\/index.php?rest_route=\/wp\/v2\/posts\/19725\/revisions"}],"wp:featuredmedia":[{"embeddable":true,"href":"https:\/\/new.findnews5.com\/index.php?rest_route=\/wp\/v2\/media\/19726"}],"wp:attachment":[{"href":"https:\/\/new.findnews5.com\/index.php?rest_route=%2Fwp%2Fv2%2Fmedia&parent=19725"}],"wp:term":[{"taxonomy":"category","embeddable":true,"href":"https:\/\/new.findnews5.com\/index.php?rest_route=%2Fwp%2Fv2%2Fcategories&post=19725"},{"taxonomy":"post_tag","embeddable":true,"href":"https:\/\/new.findnews5.com\/index.php?rest_route=%2Fwp%2Fv2%2Ftags&post=19725"}],"curies":[{"name":"wp","href":"https:\/\/api.w.org\/{rel}","templated":true}]}}