{"id":19719,"date":"2024-07-04T18:49:22","date_gmt":"2024-07-04T18:49:22","guid":{"rendered":"https:\/\/new.findnews5.com\/?p=19719"},"modified":"2024-07-04T18:49:23","modified_gmt":"2024-07-04T18:49:23","slug":"piu-fotoksine-para-spak-ut-sot-nderroi-jete-flet-djali-i-63-vjecarit-keto-ishin-fjalet-e-fundit-qe-me-tha-ne-telefon","status":"publish","type":"post","link":"https:\/\/new.findnews5.com\/?p=19719","title":{"rendered":"Piu fotoksin\u00eb para SPAK-ut, sot nd\u00ebrroi jet\u00eb\/ Flet djali i 63 vjecarit: K\u00ebto ishin fjal\u00ebt e fundit q\u00eb m\u00eb tha n\u00eb telefon"},"content":{"rendered":"<div class=\"78954ae5fa42b68c1393fe3da4998882\" data-index=\"1\" style=\"float: none; margin:0px 0 0px 0; text-align:center;\">\n<div data-type=\"_mgwidget\" data-widget-id=\"1576712\">\r\n<\/div>\r\n<script>(function(w,q){w[q]=w[q]||[];w[q].push([\"_mgc.load\"])})(window,\"_mgq\");\r\n<\/script>\r\n\n<\/div>\n\n<p>Ka nd\u00ebrruar jet\u00eb 63-vje\u00e7ari Pal Trashaj, i cili nj\u00eb dit\u00eb m\u00eb par\u00eb piu fotoksin\u00eb para godin\u00ebs s\u00eb SPAK. <\/p>\n\n\n\n<p>Gledis Trashaj, djali i Pal Trashajt tha n\u00eb nj\u00eb deklarat\u00eb p\u00ebr mediat se babai i tij nuk kishte gjetur drejt\u00ebsi p\u00ebr vite me radh\u00eb lidhur me nj\u00eb \u00e7\u00ebshtje pron\u00ebsie.<\/p>\n\n\n\n<p>Ai tregoi se personi i fundit q\u00eb ai ka kontaktuar n\u00eb telefon pasi ka kryer aktin final ka qen\u00eb bashk\u00ebshortja e tij, t\u00eb cil\u00ebs i ka komunikuar se kishte konsumuar fostoksin\u00eb.<\/p>\n\n\n\n<p>\u201cNuk ka qen\u00eb koshient, kur kam ardhur un\u00eb, ka qen\u00eb von\u00eb, t\u00eb tjer\u00ebt e kan\u00eb takuar dhe kan\u00eb folur.<\/p>\n\n\n\n<p>Xhaxhai e ka pyetur \u00e7far\u00eb b\u00ebre, dhe thoshte vazhdimisht ja ndodhi, padrejt\u00ebsia, padrejt\u00ebsia. Di q\u00eb ka qen\u00eb n\u00eb kontakt t\u00eb vazhduesh\u00ebm me SPAK por nuk kam shum\u00eb informacion.<\/p>\n\n\n\n<p>Babi \u00ebsht\u00eb munduar t\u00eb na shmang\u00eb me problemet. Ka pasur nj\u00eb problem me nj\u00eb banke dhe ai ka vajtur te SPAK.<\/p>\n\n\n\n<p>Ka qen\u00eb nj\u00eb rast i tmerrsh\u00ebm, p\u00ebrmbarimi, me vendim gjykate p\u00ebr ta ekzekutuar, n\u00eb 2016 ka arritur t\u00eb na bllokoj\u00eb edhe minimumin jetik. Konfiskimi ka qen\u00eb i pron\u00ebs, i makin\u00ebs, banesa ndodhet n\u00eb Pllan\u00eb t\u00eb Lezh\u00ebs.<\/p>\n\n\n\n<p>P\u00ebr momentin ai po k\u00ebrkonte drejt\u00ebsi t\u00eb padrejt\u00ebsit\u00eb n\u00eb vazhdim\u00ebsi. Ka folur me mamin n\u00eb telefon, i ka th\u00ebn\u00eb se kam b\u00ebr\u00eb k\u00ebt\u00eb gj\u00eb, se nuk ka drejt\u00ebsi. Besoj te SPAK q\u00eb duhet t\u00eb verifikoj\u00eb vendimet e gjykatave\u201d, tha ai.<\/p>\n\n<div style=\"font-size: 0px; height: 0px; line-height: 0px; margin: 0; padding: 0; clear: both;\"><\/div>","protected":false},"excerpt":{"rendered":"<p>Ka nd\u00ebrruar jet\u00eb 63-vje\u00e7ari Pal Trashaj, i cili nj\u00eb dit\u00eb m\u00eb par\u00eb piu fotoksin\u00eb para godin\u00ebs s\u00eb SPAK. Gledis Trashaj, djali i Pal Trashajt tha n\u00eb nj\u00eb&#8230; <\/p>\n","protected":false},"author":1,"featured_media":19720,"comment_status":"open","ping_status":"open","sticky":false,"template":"","format":"standard","meta":{"footnotes":""},"categories":[6],"tags":[],"class_list":["post-19719","post","type-post","status-publish","format-standard","has-post-thumbnail","hentry","category-lajme"],"_links":{"self":[{"href":"https:\/\/new.findnews5.com\/index.php?rest_route=\/wp\/v2\/posts\/19719","targetHints":{"allow":["GET"]}}],"collection":[{"href":"https:\/\/new.findnews5.com\/index.php?rest_route=\/wp\/v2\/posts"}],"about":[{"href":"https:\/\/new.findnews5.com\/index.php?rest_route=\/wp\/v2\/types\/post"}],"author":[{"embeddable":true,"href":"https:\/\/new.findnews5.com\/index.php?rest_route=\/wp\/v2\/users\/1"}],"replies":[{"embeddable":true,"href":"https:\/\/new.findnews5.com\/index.php?rest_route=%2Fwp%2Fv2%2Fcomments&post=19719"}],"version-history":[{"count":0,"href":"https:\/\/new.findnews5.com\/index.php?rest_route=\/wp\/v2\/posts\/19719\/revisions"}],"wp:featuredmedia":[{"embeddable":true,"href":"https:\/\/new.findnews5.com\/index.php?rest_route=\/wp\/v2\/media\/19720"}],"wp:attachment":[{"href":"https:\/\/new.findnews5.com\/index.php?rest_route=%2Fwp%2Fv2%2Fmedia&parent=19719"}],"wp:term":[{"taxonomy":"category","embeddable":true,"href":"https:\/\/new.findnews5.com\/index.php?rest_route=%2Fwp%2Fv2%2Fcategories&post=19719"},{"taxonomy":"post_tag","embeddable":true,"href":"https:\/\/new.findnews5.com\/index.php?rest_route=%2Fwp%2Fv2%2Ftags&post=19719"}],"curies":[{"name":"wp","href":"https:\/\/api.w.org\/{rel}","templated":true}]}}