{"id":19712,"date":"2024-07-04T09:48:19","date_gmt":"2024-07-04T09:48:19","guid":{"rendered":"https:\/\/new.findnews5.com\/?p=19712"},"modified":"2024-07-04T09:48:21","modified_gmt":"2024-07-04T09:48:21","slug":"sna-lejonin-te-benim-se-sipas-teorise-se-dekameronit-nora-malaj-ankohet-per-diktaturen-edhe-grate-i-donin-te-virgjera","status":"publish","type":"post","link":"https:\/\/new.findnews5.com\/?p=19712","title":{"rendered":"\u201cS\u2019na lejonin t\u00eb b\u00ebnim se** sipas teoris\u00eb s\u00eb Dekameronit\u201d, Nora Malaj ankohet p\u00ebr diktatur\u00ebn: Edhe grat\u00eb i donin t\u00eb virgj\u00ebra\u2026"},"content":{"rendered":"<div class=\"78954ae5fa42b68c1393fe3da4998882\" data-index=\"1\" style=\"float: none; margin:0px 0 0px 0; text-align:center;\">\n<div data-type=\"_mgwidget\" data-widget-id=\"1576712\">\r\n<\/div>\r\n<script>(function(w,q){w[q]=w[q]||[];w[q].push([\"_mgc.load\"])})(window,\"_mgq\");\r\n<\/script>\r\n\n<\/div>\n\n<p>Nora Malaj tha se brezi q\u00eb jetoi n\u00eb komuniz\u00ebm, e kaloi jet\u00ebn n\u00eb nj\u00eb g\u00ebnjesht\u00ebr t\u00eb madhe, ku edhe raporti seksual ishte turp.<\/p>\n\n\n\n<p><em>\u201cNdjej nj\u00eb keqardhje shum\u00eb t\u00eb madhe p\u00ebr t\u00eb gjith\u00eb brezat q\u00eb e kan\u00eb kaluar jet\u00ebn e tyre n\u00eb nj\u00eb g\u00ebnjesht\u00ebr t\u00eb madhe p\u00ebr t\u00eb imponuar raportin e par\u00eb, q\u00eb quhet raporti intim, p\u00ebr t\u00eb vazhduar te raporti seksual q\u00eb ishte turp ta b\u00ebje sipas teoris\u00eb s\u00eb Dekameronit. Duhet ta b\u00ebj\u00eb sipas nj\u00eb tradite t\u00eb t\u00eb nj\u00eb marr\u00ebdh\u00ebnie q\u00eb nuk mund t\u00eb flisje sepse muret kishin vesh.<\/em><\/p>\n\n\n\n<p>Teoria e intimitetit n\u00eb nj\u00eb mjedis ku kisha disa kurora. Ishte shum\u00eb e v\u00ebshtir\u00eb p\u00ebr ta shijuar raportin jo si vet\u00ebm p\u00ebr riprodhim por edhe k\u00ebnaq\u00ebsie.<\/p>\n\n\n\n<p>Vajza duhet t\u00eb ishte e virgj\u00ebr kur shkonte t\u00eb burri, lidhej me nj\u00eb koncept q\u00eb u rr\u00ebnjos dhe k\u00ebtu prishte raportin e par\u00eb t\u00eb intimetit. Edhe djali e nj\u00ebjta gj\u00eb.<\/p>\n\n\n\n<p>Mund t\u00eb ndodhte q\u00eb \u00e7ifti t\u00eb ishte aq i virgj\u00ebr saq\u00eb dilnin barsoleta q\u00eb djali pyeste baban\u00eb ore si ta b\u00ebj\u00eb\u201d-tregoi Nora Malaj.<\/p>\n\n<div style=\"font-size: 0px; height: 0px; line-height: 0px; margin: 0; padding: 0; clear: both;\"><\/div>","protected":false},"excerpt":{"rendered":"<p>Nora Malaj tha se brezi q\u00eb jetoi n\u00eb komuniz\u00ebm, e kaloi jet\u00ebn n\u00eb nj\u00eb g\u00ebnjesht\u00ebr t\u00eb madhe, ku edhe raporti seksual ishte turp. \u201cNdjej nj\u00eb keqardhje shum\u00eb&#8230; <\/p>\n","protected":false},"author":1,"featured_media":19713,"comment_status":"open","ping_status":"open","sticky":false,"template":"","format":"standard","meta":{"footnotes":""},"categories":[6],"tags":[],"class_list":["post-19712","post","type-post","status-publish","format-standard","has-post-thumbnail","hentry","category-lajme"],"_links":{"self":[{"href":"https:\/\/new.findnews5.com\/index.php?rest_route=\/wp\/v2\/posts\/19712","targetHints":{"allow":["GET"]}}],"collection":[{"href":"https:\/\/new.findnews5.com\/index.php?rest_route=\/wp\/v2\/posts"}],"about":[{"href":"https:\/\/new.findnews5.com\/index.php?rest_route=\/wp\/v2\/types\/post"}],"author":[{"embeddable":true,"href":"https:\/\/new.findnews5.com\/index.php?rest_route=\/wp\/v2\/users\/1"}],"replies":[{"embeddable":true,"href":"https:\/\/new.findnews5.com\/index.php?rest_route=%2Fwp%2Fv2%2Fcomments&post=19712"}],"version-history":[{"count":0,"href":"https:\/\/new.findnews5.com\/index.php?rest_route=\/wp\/v2\/posts\/19712\/revisions"}],"wp:featuredmedia":[{"embeddable":true,"href":"https:\/\/new.findnews5.com\/index.php?rest_route=\/wp\/v2\/media\/19713"}],"wp:attachment":[{"href":"https:\/\/new.findnews5.com\/index.php?rest_route=%2Fwp%2Fv2%2Fmedia&parent=19712"}],"wp:term":[{"taxonomy":"category","embeddable":true,"href":"https:\/\/new.findnews5.com\/index.php?rest_route=%2Fwp%2Fv2%2Fcategories&post=19712"},{"taxonomy":"post_tag","embeddable":true,"href":"https:\/\/new.findnews5.com\/index.php?rest_route=%2Fwp%2Fv2%2Ftags&post=19712"}],"curies":[{"name":"wp","href":"https:\/\/api.w.org\/{rel}","templated":true}]}}