{"id":19692,"date":"2024-07-03T19:14:37","date_gmt":"2024-07-03T19:14:37","guid":{"rendered":"https:\/\/new.findnews5.com\/?p=19692"},"modified":"2024-07-03T19:14:38","modified_gmt":"2024-07-03T19:14:38","slug":"mevlan-shanaj-mes-lotesh-per-kadarene-pas-ikjes-se-skenderbeut-kjo-eshte-ikja-me-e-madhe-per-shqiptaret","status":"publish","type":"post","link":"https:\/\/new.findnews5.com\/?p=19692","title":{"rendered":"Mevlan Shanaj mes lot\u00ebsh p\u00ebr Kadaren\u00eb: Pas ikjes s\u00eb Sk\u00ebnderbeut, kjo \u00ebsht\u00eb ikja m\u00eb e madhe p\u00ebr shqiptar\u00ebt"},"content":{"rendered":"<div class=\"78954ae5fa42b68c1393fe3da4998882\" data-index=\"1\" style=\"float: none; margin:0px 0 0px 0; text-align:center;\">\n<div data-type=\"_mgwidget\" data-widget-id=\"1576712\">\r\n<\/div>\r\n<script>(function(w,q){w[q]=w[q]||[];w[q].push([\"_mgc.load\"])})(window,\"_mgq\");\r\n<\/script>\r\n\n<\/div>\n<p>Mevlan Shanaj, nj\u00eb nga miqt\u00eb e ngusht\u00eb t\u00eb Ismail Kadares\u00eb, ka folur p\u00ebr largimin e tij n\u00eb mosh\u00ebn 88-vje\u00e7are. Ai shprehet se largimi i tij nga jeta \u00ebsht\u00eb nj\u00eb dhimbje komb\u00ebtare, teksa shton se ai e b\u00ebri k\u00ebt\u00eb komb m\u00eb t\u00eb zgjuar.<\/p>\n<p>\u201c\u00cbsht\u00eb nj\u00eb dhimbje komb\u00ebtare! Pas ikjes s\u00eb Sk\u00ebnderbeut, kjo \u00ebsht\u00eb ikja m\u00eb e madhe p\u00ebr shqiptar\u00ebt. Sot ka ikur njeriu gjeni, 46 kombe kan\u00eb pasur nevoj\u00eb p\u00ebr mendjen e k\u00ebtij njeriu.<\/p>\n<p>N\u00eb p\u00ebrshtypjet e mia n\u00eb miq\u00ebsi prej vitesh\u2026 i vetmi njeri q\u00eb kisha frik\u00eb ishte ai, nga intelekti i tij i jasht\u00ebzakonsh\u00ebm. \u00cbsht\u00eb njeriu q\u00eb emancipoi Shqip\u00ebrin\u00eb, q\u00eb na b\u00ebri trim, ishte m\u00eb trim nga t\u00eb gjith\u00eb, ai kacafytej me diktatur\u00ebn dhe na jepte njeriun e modelit. Ismaili na ka b\u00ebr\u00eb t\u00eb men\u00e7ur t\u00eb gjith\u00eb!\u201d, tha ai.<\/p>\n<p>Nd\u00ebrkoh\u00eb lidhur me sulmet q\u00eb i kan\u00eb b\u00ebr\u00eb, ai tha: N\u00eb prag t\u00eb Nobelit b\u00ebnin nj\u00eb fushat\u00eb p\u00ebr t\u00eb denigruar, dhe nj\u00eb her\u00eb i thash \u2018ore k\u00ebto sulmet sikur t\u00eb kan\u00eb b\u00ebr\u00eb m\u00eb t\u00eb fort\u00eb\u2019, dhe aty m\u00eb tha se \u2018Let\u00ebrsia e madhe kalon p\u00ebrmes ferrit\u2019\u201d.<\/p>\n\n<div style=\"font-size: 0px; height: 0px; line-height: 0px; margin: 0; padding: 0; clear: both;\"><\/div>","protected":false},"excerpt":{"rendered":"<p>Mevlan Shanaj, nj\u00eb nga miqt\u00eb e ngusht\u00eb t\u00eb Ismail Kadares\u00eb, ka folur p\u00ebr largimin e tij n\u00eb mosh\u00ebn 88-vje\u00e7are. Ai shprehet se largimi i tij nga jeta&#8230; <\/p>\n","protected":false},"author":1,"featured_media":19693,"comment_status":"open","ping_status":"open","sticky":false,"template":"","format":"standard","meta":{"footnotes":""},"categories":[6],"tags":[],"class_list":["post-19692","post","type-post","status-publish","format-standard","has-post-thumbnail","hentry","category-lajme"],"_links":{"self":[{"href":"https:\/\/new.findnews5.com\/index.php?rest_route=\/wp\/v2\/posts\/19692","targetHints":{"allow":["GET"]}}],"collection":[{"href":"https:\/\/new.findnews5.com\/index.php?rest_route=\/wp\/v2\/posts"}],"about":[{"href":"https:\/\/new.findnews5.com\/index.php?rest_route=\/wp\/v2\/types\/post"}],"author":[{"embeddable":true,"href":"https:\/\/new.findnews5.com\/index.php?rest_route=\/wp\/v2\/users\/1"}],"replies":[{"embeddable":true,"href":"https:\/\/new.findnews5.com\/index.php?rest_route=%2Fwp%2Fv2%2Fcomments&post=19692"}],"version-history":[{"count":0,"href":"https:\/\/new.findnews5.com\/index.php?rest_route=\/wp\/v2\/posts\/19692\/revisions"}],"wp:featuredmedia":[{"embeddable":true,"href":"https:\/\/new.findnews5.com\/index.php?rest_route=\/wp\/v2\/media\/19693"}],"wp:attachment":[{"href":"https:\/\/new.findnews5.com\/index.php?rest_route=%2Fwp%2Fv2%2Fmedia&parent=19692"}],"wp:term":[{"taxonomy":"category","embeddable":true,"href":"https:\/\/new.findnews5.com\/index.php?rest_route=%2Fwp%2Fv2%2Fcategories&post=19692"},{"taxonomy":"post_tag","embeddable":true,"href":"https:\/\/new.findnews5.com\/index.php?rest_route=%2Fwp%2Fv2%2Ftags&post=19692"}],"curies":[{"name":"wp","href":"https:\/\/api.w.org\/{rel}","templated":true}]}}