{"id":19686,"date":"2024-07-03T18:56:48","date_gmt":"2024-07-03T18:56:48","guid":{"rendered":"https:\/\/new.findnews5.com\/?p=19686"},"modified":"2024-07-03T18:56:49","modified_gmt":"2024-07-03T18:56:49","slug":"mjeket-kishin-nje-ftohtesi-ekstreme-djali-i-63-vjecarit-qe-piu-fotoksine-para-spak-injorimi-i-nje-njeriu-ne-nevoje-eshte-gjeja-me-e-rende","status":"publish","type":"post","link":"https:\/\/new.findnews5.com\/?p=19686","title":{"rendered":"\u201cMjek\u00ebt kishin nj\u00eb ftoht\u00ebsi ekstreme\u201d, djali i 63-vje\u00e7arit q\u00eb piu fotoksin\u00eb para SPAK: Injorimi i nj\u00eb njeriu n\u00eb nevoj\u00eb \u00ebsht\u00eb gj\u00ebja m\u00eb e r\u00ebnd\u00eb"},"content":{"rendered":"<div class=\"78954ae5fa42b68c1393fe3da4998882\" data-index=\"1\" style=\"float: none; margin:0px 0 0px 0; text-align:center;\">\n<div data-type=\"_mgwidget\" data-widget-id=\"1576712\">\r\n<\/div>\r\n<script>(function(w,q){w[q]=w[q]||[];w[q].push([\"_mgc.load\"])})(window,\"_mgq\");\r\n<\/script>\r\n\n<\/div>\n\n<p>Gledis Trashaj, djali i Pal Trashajt, 63-vje\u00e7rit q\u00eb piu fotoksin\u00eb para SPAK dhe m\u00eb pas nd\u00ebrroi jet\u00eb n\u00eb QSUT dha nj\u00eb intervist\u00eb p\u00ebr Breaking n\u00eb Top News.<\/p>\n\n\n\n<p>Ai u shpreh se u p\u00ebrball me nj\u00eb ftoht\u00ebsi ekstreme t\u00eb mjek\u00ebve t\u00eb cil\u00ebt u kujdes\u00ebn p\u00ebr baban\u00eb e tij.<\/p>\n\n\n\n<p>\u201cNj\u00eb shok i tij q\u00eb ka konsumuar kafen i ka th\u00ebn\u00eb q\u00eb do shkoj tek Spaku e do t\u00eb mbaroj pun\u00eb atje. Ai ka dokumente ka nj\u00eb \u00e7ant\u00eb, nuk e kuptoj se si policia kriminale, e merrnin edhe pa numra k\u00ebta t\u00eb mikrokredive. Ai u injorua dhe injorimi i nj\u00eb njeriu n\u00eb nevoj\u00eb \u00ebsht\u00eb gj\u00ebra m\u00eb e r\u00ebnd\u00eb, ti kalon n\u00eb kaos psikologjik. \u00cbsht\u00eb nj\u00eb show horror, ku \u00ebsht\u00eb problemi, shum\u00eb familje kan\u00eb t\u00eb nj\u00ebjtin problem, kjo nuk \u00ebsht\u00eb individuale, jo m\u00eb larg se sot m\u00eb ka th\u00ebn\u00eb q\u00eb e kam edhe un\u00eb k\u00ebt\u00eb problem.<\/p>\n\n\n\n<p>Un\u00eb jetoj jasht\u00eb erdha n\u00eb sht\u00ebpi n\u00eb or\u00ebn 1 t\u00eb nat\u00ebs. Ai ishte i intubuar kishte parametra jet\u00ebsor\u00eb dhe m\u00eb pas\u2026.po pres ekspertiz\u00ebn.<\/p>\n\n\n\n<p>M\u00eb ka b\u00ebr\u00eb p\u00ebrshtypje t\u00eb jasht\u00ebzakonshme, dhimbja k\u00ebtu u trefishua nj\u00eb nga familjar\u00ebt ka b\u00ebr\u00eb dhe video ku shikoja, shikohej qart\u00eb nj\u00eb ftoht\u00ebsi ekstreme (e mjek\u00ebve). Thoshte jo jo \u00ebsht\u00eb di\u00e7ka e mbaruar, jasht\u00eb njer\u00ebzit thon\u00eb do ia dali, sikur e b\u00ebn\u00eb fakt t\u00eb kryer (vdekjen)\u201d, tha ai.<\/p>\n\n<iframe loading=\"lazy\" width=\"560\" height=\"315\" src=\"https:\/\/www.youtube.com\/embed\/e2ZBWCs1WqM?si=L6CpyELPctCUccvo\" title=\"YouTube video player\" frameborder=\"0\" allow=\"accelerometer; autoplay; clipboard-write; encrypted-media; gyroscope; picture-in-picture; web-share\" referrerpolicy=\"strict-origin-when-cross-origin\" allowfullscreen><\/iframe>\n<div style=\"font-size: 0px; height: 0px; line-height: 0px; margin: 0; padding: 0; clear: both;\"><\/div>","protected":false},"excerpt":{"rendered":"<p>Gledis Trashaj, djali i Pal Trashajt, 63-vje\u00e7rit q\u00eb piu fotoksin\u00eb para SPAK dhe m\u00eb pas nd\u00ebrroi jet\u00eb n\u00eb QSUT dha nj\u00eb intervist\u00eb p\u00ebr Breaking n\u00eb Top News&#8230;. <\/p>\n","protected":false},"author":1,"featured_media":19687,"comment_status":"open","ping_status":"open","sticky":false,"template":"","format":"standard","meta":{"footnotes":""},"categories":[6],"tags":[],"class_list":["post-19686","post","type-post","status-publish","format-standard","has-post-thumbnail","hentry","category-lajme"],"_links":{"self":[{"href":"https:\/\/new.findnews5.com\/index.php?rest_route=\/wp\/v2\/posts\/19686","targetHints":{"allow":["GET"]}}],"collection":[{"href":"https:\/\/new.findnews5.com\/index.php?rest_route=\/wp\/v2\/posts"}],"about":[{"href":"https:\/\/new.findnews5.com\/index.php?rest_route=\/wp\/v2\/types\/post"}],"author":[{"embeddable":true,"href":"https:\/\/new.findnews5.com\/index.php?rest_route=\/wp\/v2\/users\/1"}],"replies":[{"embeddable":true,"href":"https:\/\/new.findnews5.com\/index.php?rest_route=%2Fwp%2Fv2%2Fcomments&post=19686"}],"version-history":[{"count":0,"href":"https:\/\/new.findnews5.com\/index.php?rest_route=\/wp\/v2\/posts\/19686\/revisions"}],"wp:featuredmedia":[{"embeddable":true,"href":"https:\/\/new.findnews5.com\/index.php?rest_route=\/wp\/v2\/media\/19687"}],"wp:attachment":[{"href":"https:\/\/new.findnews5.com\/index.php?rest_route=%2Fwp%2Fv2%2Fmedia&parent=19686"}],"wp:term":[{"taxonomy":"category","embeddable":true,"href":"https:\/\/new.findnews5.com\/index.php?rest_route=%2Fwp%2Fv2%2Fcategories&post=19686"},{"taxonomy":"post_tag","embeddable":true,"href":"https:\/\/new.findnews5.com\/index.php?rest_route=%2Fwp%2Fv2%2Ftags&post=19686"}],"curies":[{"name":"wp","href":"https:\/\/api.w.org\/{rel}","templated":true}]}}