{"id":19638,"date":"2024-07-01T17:36:12","date_gmt":"2024-07-01T17:36:12","guid":{"rendered":"https:\/\/new.findnews5.com\/?p=19638"},"modified":"2024-07-01T17:36:13","modified_gmt":"2024-07-01T17:36:13","slug":"apeli-amniston-arber-papleken-vetem-7-vite-burg-ishte-i-tronditur-kur-vrau-xhuvanin","status":"publish","type":"post","link":"https:\/\/new.findnews5.com\/?p=19638","title":{"rendered":"Apeli amniston Arb\u00ebr Paplek\u00ebn: Vet\u00ebm 7 vite burg, ishte i tronditur kur vrau Xhuvanin"},"content":{"rendered":"<div class=\"78954ae5fa42b68c1393fe3da4998882\" data-index=\"1\" style=\"float: none; margin:0px 0 0px 0; text-align:center;\">\n<div data-type=\"_mgwidget\" data-widget-id=\"1576712\">\r\n<\/div>\r\n<script>(function(w,q){w[q]=w[q]||[];w[q].push([\"_mgc.load\"])})(window,\"_mgq\");\r\n<\/script>\r\n\n<\/div>\n<p>Gjykata e Apelit ndryshon vendimin e d\u00ebnimit t\u00eb Arb\u00ebr Paplekajt.<\/p>\n<p>Gjykata vendosi: \u201cNdryshimi vendimi te Elbasanit dhe d\u00ebnimin e Arb\u00ebr Paplekajt p\u00ebr vrasje n\u00eb kushtet e vet\u00ebmbrojtjes dhe d\u00ebnimin e tij me 7 vjet. <\/p>\n<p>Trupa e gjykuese p\u00ebrb\u00ebhej nga Fadri Islamaj, Enida Petri dhe Marsela Pepi. Pafajsi per efektiv\u00ebt. <\/p>\n<p>Arb\u00ebr Paplekaj nisi nj\u00eb p\u00ebrballje t\u00eb gjat\u00eb me drejt\u00ebsin\u00eb dhe nuk pranoi asnj\u00ebher\u00eb akuz\u00ebn, duke pretenduar se gjith\u00e7ka kishte ndodhur n\u00eb kushtet e vet\u00ebmbrojtjes, pasi njer\u00ebzit q\u00eb shoq\u00ebronin mjekun Pjerin Xhuvani \u2013 disa jan\u00eb edhe sot n\u00eb k\u00ebrkim \u2013 kishin hapur zjarr t\u00eb par\u00ebt me arm\u00eb. Provat dhe faktet e mbledhura prej avokatit t\u00eb tij dhe ekspert\u00ebve q\u00eb caktoi Gjykata e Apelit n\u00eb Tiran\u00eb, kan\u00eb arritur t\u00eb bindin togat e zeza p\u00ebr uljen e d\u00ebnimit n\u00eb 7 vite burg n\u00eb total. Arb\u00ebr Paplekaj ka n\u00eb paraburgim prej vitit 2021 dhe i sipas ligjit, do t\u00eb q\u00ebndroj\u00eb n\u00eb qeli dhe m\u00eb pas se 3 vite.<\/p>\n<p>Si ndodhi vrasja e Pjerin Xhuvanit?<\/p>\n<p>Vrasja e Pjerin Xhuvanit, p\u00ebrkrah\u00ebs i PS, ndodhi m\u00eb  21 prill 2021, 4 dit\u00eb para zgjedhjeve parlamentare t\u00eb 25 prillit. Paplekaj ishte pjes\u00eb e nj\u00eb \u201cSMV\u201d, strukture p\u00ebr Mbrojtjen e Vot\u00ebs e ngritur n\u00eb Elbasan nga PD. Pas nj\u00eb sherri verbal pasi SMV dyshonte se Xhuvani ishte pjes\u00eb e nj\u00eb grupi q\u00eb blinin vota, ndodhi vrasja e tij dhe u plagos\u00ebn 4 persona t\u00eb tjer\u00eb; Paulo Vuksani, Emiljano Prenga, Eltjon Bodinaku dhe Xhensila Sota. Arb\u00ebr Paplekaj ish efektiv i RENEA u vet\u00ebdor\u00ebzua dhe pranoi krimin duke th\u00ebn\u00eb se e kishte q\u00eblluar p\u00ebr vet\u00ebmbrojtje. <\/p>\n\n<div style=\"font-size: 0px; height: 0px; line-height: 0px; margin: 0; padding: 0; clear: both;\"><\/div>","protected":false},"excerpt":{"rendered":"<p>Gjykata e Apelit ndryshon vendimin e d\u00ebnimit t\u00eb Arb\u00ebr Paplekajt. Gjykata vendosi: \u201cNdryshimi vendimi te Elbasanit dhe d\u00ebnimin e Arb\u00ebr Paplekajt p\u00ebr vrasje n\u00eb kushtet e vet\u00ebmbrojtjes&#8230; <\/p>\n","protected":false},"author":1,"featured_media":19639,"comment_status":"open","ping_status":"open","sticky":false,"template":"","format":"standard","meta":{"footnotes":""},"categories":[6],"tags":[],"class_list":["post-19638","post","type-post","status-publish","format-standard","has-post-thumbnail","hentry","category-lajme"],"_links":{"self":[{"href":"https:\/\/new.findnews5.com\/index.php?rest_route=\/wp\/v2\/posts\/19638","targetHints":{"allow":["GET"]}}],"collection":[{"href":"https:\/\/new.findnews5.com\/index.php?rest_route=\/wp\/v2\/posts"}],"about":[{"href":"https:\/\/new.findnews5.com\/index.php?rest_route=\/wp\/v2\/types\/post"}],"author":[{"embeddable":true,"href":"https:\/\/new.findnews5.com\/index.php?rest_route=\/wp\/v2\/users\/1"}],"replies":[{"embeddable":true,"href":"https:\/\/new.findnews5.com\/index.php?rest_route=%2Fwp%2Fv2%2Fcomments&post=19638"}],"version-history":[{"count":0,"href":"https:\/\/new.findnews5.com\/index.php?rest_route=\/wp\/v2\/posts\/19638\/revisions"}],"wp:featuredmedia":[{"embeddable":true,"href":"https:\/\/new.findnews5.com\/index.php?rest_route=\/wp\/v2\/media\/19639"}],"wp:attachment":[{"href":"https:\/\/new.findnews5.com\/index.php?rest_route=%2Fwp%2Fv2%2Fmedia&parent=19638"}],"wp:term":[{"taxonomy":"category","embeddable":true,"href":"https:\/\/new.findnews5.com\/index.php?rest_route=%2Fwp%2Fv2%2Fcategories&post=19638"},{"taxonomy":"post_tag","embeddable":true,"href":"https:\/\/new.findnews5.com\/index.php?rest_route=%2Fwp%2Fv2%2Ftags&post=19638"}],"curies":[{"name":"wp","href":"https:\/\/api.w.org\/{rel}","templated":true}]}}