{"id":19632,"date":"2024-07-01T17:06:13","date_gmt":"2024-07-01T17:06:13","guid":{"rendered":"https:\/\/new.findnews5.com\/?p=19632"},"modified":"2024-07-01T17:06:14","modified_gmt":"2024-07-01T17:06:14","slug":"mos-u-trembni-nga-temperaturat-e-larta-e-marta-sjelle-kthesen-drastike-te-motit-intervale-reshjesh-dhe-ulje-temperaturash","status":"publish","type":"post","link":"https:\/\/new.findnews5.com\/?p=19632","title":{"rendered":"Mos u \u2018TREMBNI\u2019 nga temperaturat e larta! E marta sjell\u00eb KTHESEN DRASTIKE t\u00eb motit \u2018Intervale reshjesh dhe ulje temperaturash\u2026\u2019"},"content":{"rendered":"<div class=\"78954ae5fa42b68c1393fe3da4998882\" data-index=\"1\" style=\"float: none; margin:0px 0 0px 0; text-align:center;\">\n<div data-type=\"_mgwidget\" data-widget-id=\"1576712\">\r\n<\/div>\r\n<script>(function(w,q){w[q]=w[q]||[];w[q].push([\"_mgc.load\"])})(window,\"_mgq\");\r\n<\/script>\r\n\n<\/div>\n\n<p>Dita e mart\u00eb, e m\u00ebrkur\u00eb dhe e enjte pritet q\u00eb t\u00eb sjellin reshje shiu dhe ulje temperaturash n\u00eb vend.  N\u00eb nj\u00eb lidhje direkte p\u00ebr Klan News, sinoptikanja Lajda Porja nga \u201cMeteoAlb\u201d thot\u00eb se kushtet atmosferike pritet q\u00eb t\u00eb p\u00ebrmir\u00ebsohen dit\u00ebn e premte dhe n\u00eb fundjav\u00eb, ku termometri do t\u00eb p\u00ebsoj\u00eb s\u00ebrish rritje.<\/p>\n\n\n\n<p>Lajda Porja: Ka nj\u00eb jav\u00eb dinamike, sot mbetemi n\u00ebn ndikimin e motit t\u00eb kthjell\u00ebt e madje do t\u00eb ket\u00eb temperatura mjaft t\u00eb larta, presim dhe vlerat 38 grad\u00eb n\u00eb zonat jugore n\u00eb qarkun e Beratit, por edhe Gjirokastra do t\u00eb ket\u00eb temperatura shum\u00eb t\u00eb larta.<\/p>\n\n\n\n<p>Parashikohet q\u00eb qytetet m\u00eb kryesore t\u00eb Shqip\u00ebris\u00eb t\u00eb luhaten nga 34 n\u00eb 36 grad\u00eb.<\/p>\n\n\n\n<p>Pra, nj\u00eb dit\u00eb mjaft e nxeht\u00eb. Pritet q\u00eb n\u00eb pjes\u00ebn e dyt\u00eb t\u00eb dit\u00ebs t\u00eb kemi vran\u00ebsira m\u00eb t\u00eb shpeshta.<\/p>\n\n\n\n<p>P\u00ebrsa i p\u00ebrket dit\u00ebs s\u00eb mart\u00eb, parashikohet t\u00eb kemi zhvillim t\u00eb vran\u00ebsirave duke sjell\u00eb rrebeshe shiu, kjo edhe si efekt i temperaturave mjaft t\u00eb larta, ku epiqendra e k\u00ebtye celulave duke sjell\u00eb rrebeshe do t\u00eb jet\u00eb kryesisht n\u00eb veri n\u00eb zonat qendrore dhe m\u00eb pak reshje do t\u00eb ket\u00eb jugu, madje do t\u00eb ket\u00eb vet\u00ebm n\u00eb zona t\u00eb izoluara.<\/p>\n\n\n\n<p>Parashikohet, nga e marta deri dit\u00ebn e enjte moti t\u00eb jet\u00eb disi i paq\u00ebndruesh\u00ebm, edhe pse disi paradite do t\u00eb jen\u00eb kryesisht me kthjellime, n\u00eb mesdit\u00eb dhe pasdite do t\u00eb kemi zhvillime t\u00eb vran\u00ebsirave duek sjell\u00eb rrebeshe shiu.<\/p>\n\n\n\n<p>Dit\u00ebn e mart\u00eb \u00ebsht\u00eb kryesisht veriu dhe qendra, dit\u00ebn e m\u00ebrkur\u00eb pjes\u00ebrisht veriu, por edhe zonat jugper\u00ebndimore, kryesisht qarku i Vlor\u00ebs do t\u00eb ket\u00eb rrebeshe. P\u00ebrsa i p\u00ebrket dit\u00ebs s\u00eb enjte parashikohet q\u00eb e gjith\u00eb shtrirja lindore t\u00eb rrezikohet nga rrebeshe t\u00eb izoluara, nuk p\u00ebrjashtohen stuhit\u00eb e bresh\u00ebrit n\u00eb zonat juglindore.<\/p>\n\n\n\n<p>Ka nj\u00eb p\u00ebrmir\u00ebsim t\u00eb motit dit\u00ebn e premte dhe gjithashtu n\u00eb fundjav\u00eb. T\u00eb mart\u00ebn, t\u00eb m\u00ebrkur\u00ebn dhe t\u00eb enjten do t\u00eb ket\u00eb r\u00ebnie t\u00eb temperaturave. Nes\u00ebr presim q\u00eb temperaturat t\u00eb bien me 2-3 grad\u00eb. Nj\u00eb tjet\u00ebr r\u00ebnie me 3 grad\u00eb do t\u00eb jet\u00eb dit\u00ebn e m\u00ebrkur\u00eb, po ashtu nj\u00eb r\u00ebnie e leht\u00eb dit\u00ebn e enjte duke b\u00ebr\u00eb q\u00eb maksimalet nga 38 q\u00eb regjistrohen sot, nes\u00ebr t\u00eb jen\u00eb 35 grad\u00eb, 33 do t\u00eb jen\u00eb t\u00eb m\u00ebrkur\u00ebn dhe t\u00eb enjten do t\u00eb jen\u00eb 30-31 grad\u00eb.<\/p>\n\n\n\n<p>Pra, do t\u00eb jen\u00eb relativisht disa dit\u00eb t\u00eb fresk\u00ebta dhe me prezenc\u00eb t\u00eb reshjeve. Dita e premte do t\u00eb p\u00ebrmir\u00ebsoj\u00eb ndjesh\u00ebm motin, do t\u00eb kemi m\u00eb shum\u00eb diell dhe ngjitet s\u00ebrish termometri n\u00eb 36 grad\u00eb dhe temperatura t\u00eb larta na presin n\u00eb dit\u00ebt n\u00eb vijim.<\/p>\n\n<div style=\"font-size: 0px; height: 0px; line-height: 0px; margin: 0; padding: 0; clear: both;\"><\/div>","protected":false},"excerpt":{"rendered":"<p>Dita e mart\u00eb, e m\u00ebrkur\u00eb dhe e enjte pritet q\u00eb t\u00eb sjellin reshje shiu dhe ulje temperaturash n\u00eb vend. N\u00eb nj\u00eb lidhje direkte p\u00ebr Klan News, sinoptikanja&#8230; <\/p>\n","protected":false},"author":1,"featured_media":19633,"comment_status":"open","ping_status":"open","sticky":false,"template":"","format":"standard","meta":{"footnotes":""},"categories":[6],"tags":[],"class_list":["post-19632","post","type-post","status-publish","format-standard","has-post-thumbnail","hentry","category-lajme"],"_links":{"self":[{"href":"https:\/\/new.findnews5.com\/index.php?rest_route=\/wp\/v2\/posts\/19632","targetHints":{"allow":["GET"]}}],"collection":[{"href":"https:\/\/new.findnews5.com\/index.php?rest_route=\/wp\/v2\/posts"}],"about":[{"href":"https:\/\/new.findnews5.com\/index.php?rest_route=\/wp\/v2\/types\/post"}],"author":[{"embeddable":true,"href":"https:\/\/new.findnews5.com\/index.php?rest_route=\/wp\/v2\/users\/1"}],"replies":[{"embeddable":true,"href":"https:\/\/new.findnews5.com\/index.php?rest_route=%2Fwp%2Fv2%2Fcomments&post=19632"}],"version-history":[{"count":0,"href":"https:\/\/new.findnews5.com\/index.php?rest_route=\/wp\/v2\/posts\/19632\/revisions"}],"wp:featuredmedia":[{"embeddable":true,"href":"https:\/\/new.findnews5.com\/index.php?rest_route=\/wp\/v2\/media\/19633"}],"wp:attachment":[{"href":"https:\/\/new.findnews5.com\/index.php?rest_route=%2Fwp%2Fv2%2Fmedia&parent=19632"}],"wp:term":[{"taxonomy":"category","embeddable":true,"href":"https:\/\/new.findnews5.com\/index.php?rest_route=%2Fwp%2Fv2%2Fcategories&post=19632"},{"taxonomy":"post_tag","embeddable":true,"href":"https:\/\/new.findnews5.com\/index.php?rest_route=%2Fwp%2Fv2%2Ftags&post=19632"}],"curies":[{"name":"wp","href":"https:\/\/api.w.org\/{rel}","templated":true}]}}