{"id":19629,"date":"2024-07-01T16:58:39","date_gmt":"2024-07-01T16:58:39","guid":{"rendered":"https:\/\/new.findnews5.com\/?p=19629"},"modified":"2024-07-01T16:58:40","modified_gmt":"2024-07-01T16:58:40","slug":"rrefimi-prekes-i-prinderve-te-11-vjecarit-qe-humbi-jeten-ne-zvicer","status":"publish","type":"post","link":"https:\/\/new.findnews5.com\/?p=19629","title":{"rendered":"Rr\u00ebfimi prek\u00ebs i prind\u00ebrve t\u00eb 11 vje\u00e7arit qe humbi jet\u00ebn n\u00eb Zvic\u00ebr"},"content":{"rendered":"<div class=\"78954ae5fa42b68c1393fe3da4998882\" data-index=\"1\" style=\"float: none; margin:0px 0 0px 0; text-align:center;\">\n<div data-type=\"_mgwidget\" data-widget-id=\"1576712\">\r\n<\/div>\r\n<script>(function(w,q){w[q]=w[q]||[];w[q].push([\"_mgc.load\"])})(window,\"_mgq\");\r\n<\/script>\r\n\n<\/div>\n\n<p><strong>Nj\u00eb 11-vje\u00e7ar shqiptar nga Maqedonia Veriore, nx\u00ebn\u00ebs si klas\u00ebs s\u00eb kat\u00ebrt \u00ebsht\u00eb goditur nga nj\u00eb kamion n\u00eb Bazel t\u00eb Zvicr\u00ebs, si pasoj\u00eb e plag\u00ebve t\u00eb marra, nd\u00ebrruar jet\u00eb.<\/strong><\/p>\n\n\n\n<p>Ai ishte i vetmi f\u00ebmij\u00eb i prind\u00ebrve Festime D. (34) dhe Ardian D. (35).<\/p>\n\n\n\n<p>Nj\u00eb dit\u00eb pas rastit tragjik, Blick ka folur me prind\u00ebrit e viktim\u00ebs.<\/p>\n\n\n\n<p>\u201cHera e fundit q\u00eb pash\u00eb Elior ishte t\u00eb enjten n\u00eb mbr\u00ebmje\u201d, kujton babai i tij. T\u00eb nes\u00ebrmen n\u00eb m\u00ebngjes djali i tij ishte ende n\u00eb gjum\u00eb kur shkoi n\u00eb pun\u00eb si mir\u00ebmbajt\u00ebs. E \u00ebma e pa 11-vje\u00e7arin, duke shkuar n\u00eb shkoll\u00eb at\u00eb m\u00ebngjes, shkruan gazeta zvcierane.<\/p>\n\n\n\n<p>\u201cIshte dita e fundit e shkoll\u00ebs si nx\u00ebn\u00ebs i klas\u00ebs s\u00eb 4-t\u00eb\u201d, thot\u00eb Ardiani. \u201c\u00cbsht\u00eb e tmerrshme ajo q\u00eb ndodhi m\u00eb pas.\u201d<\/p>\n\n\n\n<p>Motra e Eliorit, 8 vje\u00e7, shkon n\u00eb t\u00eb nj\u00ebjt\u00ebn shkoll\u00eb me v\u00ebllain e saj. Pak para mesdit\u00ebs ajo ec\u00ebn m\u00eb pak se 20 metra pas Elior, i cili thuhet se kishte nj\u00eb skuter me vete, duke shkuar n\u00eb sht\u00ebpi p\u00ebr drek\u00eb\u201d.<\/p>\n\n\n\n<p><em>Prind\u00ebrit e viktim\u00ebs<\/em><\/p>\n\n\n\n<p>Motra e Eliorit dhe f\u00ebmij\u00ebt e tjer\u00eb fillojn\u00eb t\u00eb b\u00ebrtasin n\u00eb rrug\u00eb. Aq e zhurmshme, saq\u00eb ka tronditur edhe n\u00ebn\u00ebn e 11-vje\u00e7ares n\u00eb banes\u00eb.<\/p>\n\n\n\n<p>\u201cDola menj\u00ebher\u00eb jasht\u00eb,\u201d thot\u00eb ajo. \u201cVajza ime na b\u00ebrtiti e shokuar se Elior ishte p\u00ebrplasur nga nj\u00eb kamion.\u201d<\/p>\n\n\n\n<p>\u201cFatmir\u00ebsisht, vajz\u00ebn ton\u00eb e mbajti nj\u00eb nx\u00ebn\u00ebs tjet\u00ebr n\u00eb an\u00ebn tjet\u00ebr t\u00eb rrug\u00ebs. P\u00ebrndryshe ajo do t\u00eb kishte vrapuar n\u00ebp\u00ebr rrug\u00eb\u201d, thot\u00eb ajo mes lot\u00ebve p\u00ebr djalin.<\/p>\n\n\n\n<figure class=\"wp-block-image\"><img decoding=\"async\" src=\"https:\/\/orainfo.net\/wp-content\/uploads\/2024\/07\/el1.png\" alt=\"\" class=\"wp-image-657956\"\/><\/figure>\n\n\n\n<p><em>Eliori (viktima e aksidentit tragjik)<\/em><\/p>\n\n\n\n<p>Nd\u00ebrsa prind\u00ebrit nuk jan\u00eb lejuar ta shohin p\u00ebr s\u00eb af\u00ebrmi djalin e tyre pasi viktima \u00ebsht\u00eb d\u00ebrguar menj\u00ebher\u00eb p\u00ebr ekzaminimet e nevojshme mjeko ligjore.<\/p>\n\n\n\n<p>\u201cAi \u00ebsht\u00eb ende atje, trupin fatkeq\u00ebsisht p\u00ebr momentin nuk mund ta marrim\u201d. \u201cNe jemi bosh brenda. Eliori yn\u00eb ishte nj\u00eb engj\u00ebll n\u00eb k\u00ebt\u00eb bot\u00eb\u201d, tha babai p\u00ebr Blick, transmeton Telegrafi.<\/p>\n\n<div style=\"font-size: 0px; height: 0px; line-height: 0px; margin: 0; padding: 0; clear: both;\"><\/div>","protected":false},"excerpt":{"rendered":"<p>Nj\u00eb 11-vje\u00e7ar shqiptar nga Maqedonia Veriore, nx\u00ebn\u00ebs si klas\u00ebs s\u00eb kat\u00ebrt \u00ebsht\u00eb goditur nga nj\u00eb kamion n\u00eb Bazel t\u00eb Zvicr\u00ebs, si pasoj\u00eb e plag\u00ebve t\u00eb marra, nd\u00ebrruar&#8230; <\/p>\n","protected":false},"author":1,"featured_media":19630,"comment_status":"open","ping_status":"open","sticky":false,"template":"","format":"standard","meta":{"footnotes":""},"categories":[6],"tags":[],"class_list":["post-19629","post","type-post","status-publish","format-standard","has-post-thumbnail","hentry","category-lajme"],"_links":{"self":[{"href":"https:\/\/new.findnews5.com\/index.php?rest_route=\/wp\/v2\/posts\/19629","targetHints":{"allow":["GET"]}}],"collection":[{"href":"https:\/\/new.findnews5.com\/index.php?rest_route=\/wp\/v2\/posts"}],"about":[{"href":"https:\/\/new.findnews5.com\/index.php?rest_route=\/wp\/v2\/types\/post"}],"author":[{"embeddable":true,"href":"https:\/\/new.findnews5.com\/index.php?rest_route=\/wp\/v2\/users\/1"}],"replies":[{"embeddable":true,"href":"https:\/\/new.findnews5.com\/index.php?rest_route=%2Fwp%2Fv2%2Fcomments&post=19629"}],"version-history":[{"count":0,"href":"https:\/\/new.findnews5.com\/index.php?rest_route=\/wp\/v2\/posts\/19629\/revisions"}],"wp:featuredmedia":[{"embeddable":true,"href":"https:\/\/new.findnews5.com\/index.php?rest_route=\/wp\/v2\/media\/19630"}],"wp:attachment":[{"href":"https:\/\/new.findnews5.com\/index.php?rest_route=%2Fwp%2Fv2%2Fmedia&parent=19629"}],"wp:term":[{"taxonomy":"category","embeddable":true,"href":"https:\/\/new.findnews5.com\/index.php?rest_route=%2Fwp%2Fv2%2Fcategories&post=19629"},{"taxonomy":"post_tag","embeddable":true,"href":"https:\/\/new.findnews5.com\/index.php?rest_route=%2Fwp%2Fv2%2Ftags&post=19629"}],"curies":[{"name":"wp","href":"https:\/\/api.w.org\/{rel}","templated":true}]}}