{"id":19622,"date":"2024-07-01T09:55:57","date_gmt":"2024-07-01T09:55:57","guid":{"rendered":"https:\/\/new.findnews5.com\/?p=19622"},"modified":"2024-07-01T09:55:58","modified_gmt":"2024-07-01T09:55:58","slug":"me-kane-tradhtuar-cubi-jep-deklaraten-e-forte-e-pranon-publikisht-egla-ceno","status":"publish","type":"post","link":"https:\/\/new.findnews5.com\/?p=19622","title":{"rendered":"\u201cM\u00eb kan\u00eb tradhtuar\u201d, Cubi jep deklarat\u00ebn e fort\u00eb, e pranon publikisht: Egla Ceno\u2026"},"content":{"rendered":"<div class=\"78954ae5fa42b68c1393fe3da4998882\" data-index=\"1\" style=\"float: none; margin:0px 0 0px 0; text-align:center;\">\n<div data-type=\"_mgwidget\" data-widget-id=\"1576712\">\r\n<\/div>\r\n<script>(function(w,q){w[q]=w[q]||[];w[q].push([\"_mgc.load\"])})(window,\"_mgq\");\r\n<\/script>\r\n\n<\/div>\n\n<p>Aktorja e humorit Cubi Metkaj e ftuar n\u00eb \u201cTop Arena\u201d iu p\u00ebrgjigj disa pyetjeve pikante t\u00eb Erjola Do\u00e7it, disa prej tyre edhe p\u00ebr jet\u00ebn personale.<\/p>\n\n\n\n<p>Ajo zbuloi se e kan\u00eb tradhtuar n\u00eb lidhjen e saj romantike, nd\u00ebrsa flet edhe p\u00ebr Egla Cenon, fituesen e BBV3, t\u00eb cil\u00ebn e imitoi n\u00eb spektaklin e humorit \u201cPortokalli\u201d.<\/p>\n\n\n\n<p><em>A t\u00eb ka p\u00ebrg\u00ebzuar Egla p\u00ebr rolin?<\/em><\/p>\n\n\n\n<p><strong>Cubi<\/strong>: Nuk e kam takuar por m\u00eb than\u00eb q\u00eb e kishte p\u00eblqyer, e kishte mir\u00ebkuptuar edhe grisjen e fotografis\u00eb<\/p>\n\n\n\n<p><em>Ke tradhtuar apo t\u00eb kan\u00eb tradhtuar?<\/em><\/p>\n\n\n\n<p><strong>Cubi<\/strong>: M\u00eb kan\u00eb tradhtuar moj mot\u00ebr<\/p>\n\n\n\n<p><em>N\u00eb shfaqen t\u00ebnde me Amos Zaharin\u00eb, e ke tradhtuar ai po ti?<\/em><\/p>\n\n\n\n<p><strong>Cubi<\/strong>: Edhe n\u00eb shfaqje m\u00eb tradhtojn\u00eb, mua asnj\u00ebher\u00eb<\/p>\n\n\n\n<p><em>Je e lidhur apo single?<\/em><\/p>\n\n\n\n<p><strong>Cubi<\/strong>: E zgjidhur\u2026 (qesh)<\/p>\n\n<iframe loading=\"lazy\" width=\"560\" height=\"315\" src=\"https:\/\/www.youtube.com\/embed\/WHBFUt_ux98?si=wSfxW3i1awHp-TEo\" title=\"YouTube video player\" frameborder=\"0\" allow=\"accelerometer; autoplay; clipboard-write; encrypted-media; gyroscope; picture-in-picture; web-share\" referrerpolicy=\"strict-origin-when-cross-origin\" allowfullscreen><\/iframe>\n<div style=\"font-size: 0px; height: 0px; line-height: 0px; margin: 0; padding: 0; clear: both;\"><\/div>","protected":false},"excerpt":{"rendered":"<p>Aktorja e humorit Cubi Metkaj e ftuar n\u00eb \u201cTop Arena\u201d iu p\u00ebrgjigj disa pyetjeve pikante t\u00eb Erjola Do\u00e7it, disa prej tyre edhe p\u00ebr jet\u00ebn personale. Ajo zbuloi&#8230; <\/p>\n","protected":false},"author":1,"featured_media":19623,"comment_status":"open","ping_status":"open","sticky":false,"template":"","format":"standard","meta":{"footnotes":""},"categories":[6],"tags":[],"class_list":["post-19622","post","type-post","status-publish","format-standard","has-post-thumbnail","hentry","category-lajme"],"_links":{"self":[{"href":"https:\/\/new.findnews5.com\/index.php?rest_route=\/wp\/v2\/posts\/19622","targetHints":{"allow":["GET"]}}],"collection":[{"href":"https:\/\/new.findnews5.com\/index.php?rest_route=\/wp\/v2\/posts"}],"about":[{"href":"https:\/\/new.findnews5.com\/index.php?rest_route=\/wp\/v2\/types\/post"}],"author":[{"embeddable":true,"href":"https:\/\/new.findnews5.com\/index.php?rest_route=\/wp\/v2\/users\/1"}],"replies":[{"embeddable":true,"href":"https:\/\/new.findnews5.com\/index.php?rest_route=%2Fwp%2Fv2%2Fcomments&post=19622"}],"version-history":[{"count":0,"href":"https:\/\/new.findnews5.com\/index.php?rest_route=\/wp\/v2\/posts\/19622\/revisions"}],"wp:featuredmedia":[{"embeddable":true,"href":"https:\/\/new.findnews5.com\/index.php?rest_route=\/wp\/v2\/media\/19623"}],"wp:attachment":[{"href":"https:\/\/new.findnews5.com\/index.php?rest_route=%2Fwp%2Fv2%2Fmedia&parent=19622"}],"wp:term":[{"taxonomy":"category","embeddable":true,"href":"https:\/\/new.findnews5.com\/index.php?rest_route=%2Fwp%2Fv2%2Fcategories&post=19622"},{"taxonomy":"post_tag","embeddable":true,"href":"https:\/\/new.findnews5.com\/index.php?rest_route=%2Fwp%2Fv2%2Ftags&post=19622"}],"curies":[{"name":"wp","href":"https:\/\/api.w.org\/{rel}","templated":true}]}}